{"id":3173,"date":"2025-05-31T14:29:43","date_gmt":"2025-05-31T12:29:43","guid":{"rendered":"https:\/\/www.stenografenbund.de\/?p=3173"},"modified":"2025-08-08T08:41:09","modified_gmt":"2025-08-08T06:41:09","slug":"dm-2025-spitzenschreiben-in-bad-salzschlirf","status":"publish","type":"post","link":"https:\/\/www.stenografenbund.de\/?p=3173","title":{"rendered":"DM 2025 \u2013 Spitzenschreiber in Bad Salzschlirf"},"content":{"rendered":"\n<p>Vom 28. bis 31. Mai 2025 trafen sich in Bad Salzschlirf die besten Schreiberinnen und Schreiber Deutschlands zur Austragung der Deutschen Meisterschaften in den Disziplinen Kurzschrift, Texterfassung, Textbearbeitung und -gestaltung sowie Professionelle Textverarbeitung. Austragungsort war das stilvolle Wellness- und Tagungshotel <em>aqualux<\/em>, das mit modernen R\u00e4umlichkeiten, zentraler Lage und umfassendem Service ideale Rahmenbedingungen bot.<\/p>\n\n\n\n<p><strong>Vielf\u00e4ltige Wettbewerbe mit Tradition<\/strong><br>Die Meisterschaften boten spannende Wettk\u00e4mpfe in verschiedenen Altersklassen \u2013 von Sch\u00fclern \u00fcber Jugendliche bis hin zu Erwachsenen. In den Bereichen Schnell- und Perfektionsschreiben, Textgestaltung, professioneller Office-Anwendung sowie in deutscher und englischer Kurzschrift zeigten die Teilnehmenden H\u00f6chstleistungen in Tempo, Genauigkeit und Stil. Erstmalig wurde auch ein <em>Partnerschreiben<\/em> als innovativer Teamwettbewerb angeboten, das besonders viel Anklang fand.<\/p>\n\n\n<div class=\"wp-block-image\">\n<figure class=\"aligncenter size-large\"><img loading=\"lazy\" decoding=\"async\" width=\"1024\" height=\"576\" src=\"https:\/\/www.stenografenbund.de\/wp-content\/uploads\/2025\/05\/DM-2025-Bad-Salzschlirf-4-e1748687043384-1024x576.jpeg\" alt=\"\" class=\"wp-image-3169\" srcset=\"https:\/\/www.stenografenbund.de\/wp-content\/uploads\/2025\/05\/DM-2025-Bad-Salzschlirf-4-e1748687043384-1024x576.jpeg 1024w, https:\/\/www.stenografenbund.de\/wp-content\/uploads\/2025\/05\/DM-2025-Bad-Salzschlirf-4-e1748687043384-300x169.jpeg 300w, https:\/\/www.stenografenbund.de\/wp-content\/uploads\/2025\/05\/DM-2025-Bad-Salzschlirf-4-e1748687043384-768x432.jpeg 768w, https:\/\/www.stenografenbund.de\/wp-content\/uploads\/2025\/05\/DM-2025-Bad-Salzschlirf-4-e1748687043384-1536x864.jpeg 1536w, https:\/\/www.stenografenbund.de\/wp-content\/uploads\/2025\/05\/DM-2025-Bad-Salzschlirf-4-e1748687043384.jpeg 1807w\" sizes=\"auto, (max-width: 1024px) 100vw, 1024px\" \/><\/figure>\n<\/div>\n\n\n<p><strong>Medieninteresse und Berichterstattung<\/strong><br>Besonderes Highlight in diesem Jahr war der Besuch des Hessischen Rundfunks, der die Meisterschaften filmisch begleitete. In einem Fernsehbeitrag wurden ausgew\u00e4hlte Wettbewerbe sowie die Atmosph\u00e4re rund um das Event festgehalten \u2013 ein gro\u00dfartiger Beitrag zur \u00f6ffentlichen Wahrnehmung des modernen Schreibsports.<\/p>\n\n\n<div class=\"wp-block-image\">\n<figure class=\"aligncenter size-large\"><img loading=\"lazy\" decoding=\"async\" width=\"1024\" height=\"575\" src=\"https:\/\/www.stenografenbund.de\/wp-content\/uploads\/2025\/05\/DM-2025-Bad-Salzschlirf-3-e1748686947293-1024x575.jpeg\" alt=\"\" class=\"wp-image-3172\" srcset=\"https:\/\/www.stenografenbund.de\/wp-content\/uploads\/2025\/05\/DM-2025-Bad-Salzschlirf-3-e1748686947293-1024x575.jpeg 1024w, https:\/\/www.stenografenbund.de\/wp-content\/uploads\/2025\/05\/DM-2025-Bad-Salzschlirf-3-e1748686947293-300x169.jpeg 300w, https:\/\/www.stenografenbund.de\/wp-content\/uploads\/2025\/05\/DM-2025-Bad-Salzschlirf-3-e1748686947293-768x432.jpeg 768w, https:\/\/www.stenografenbund.de\/wp-content\/uploads\/2025\/05\/DM-2025-Bad-Salzschlirf-3-e1748686947293.jpeg 1500w\" sizes=\"auto, (max-width: 1024px) 100vw, 1024px\" \/><\/figure>\n<\/div>\n\n\n<p><strong>Abwechslungsreiches Rahmenprogramm<\/strong><br>Begleitet wurden die Wettbewerbe von einem unterhaltsamen Freizeit- und Kulturprogramm: Eine Kost\u00fcmf\u00fchrung durch Schloss Fasanerie, eine Alpakawanderung und eine Destilleriebesichtigung sorgten f\u00fcr Erlebnisse abseits des Wettbewerbs. Gesellige Abende, ein Spieleabend, t\u00e4gliche Stenotreffs und ein festlicher Abschlussabend mit BBQ rundeten die Veranstaltung ab.<\/p>\n\n\n\n<p><strong>Gemeinsam unter einem Dach<\/strong><br>Alle Veranstaltungen \u2013 von der feierlichen Er\u00f6ffnung \u00fcber die Wettbewerbe bis zur Siegerehrung \u2013 fanden im oder in unmittelbarer N\u00e4he zum Hotel <em>aqualux<\/em> statt. So wurde Bad Salzschlirf f\u00fcr vier Tage zum Zentrum des deutschen Schreibsports und zum Treffpunkt f\u00fcr alte und neue Freundschaften.<\/p>\n\n\n\n<h3 class=\"wp-block-heading\">Herzlichen Gl\u00fcckwunsch an die Deutschen Meisterinnen und Meister 2025<\/h3>\n\n\n\n<h4 class=\"wp-block-heading\"><strong>Kurzschrift \u2013 Erwachsene<\/strong><\/h4>\n\n\n\n<p>\ud83e\udd47 Dr. Stefan Schubert \u2013 StV Landshut<br>\ud83e\udd48 Wolfgang Groth \u2013 StV Goslar<br>\ud83e\udd49 Udo Kl\u00fcting \u2013 Vestischer Steno-Club<\/p>\n\n\n\n<h4 class=\"wp-block-heading\"><strong>Kurzschrift \u2013 Jugend<\/strong><\/h4>\n\n\n\n<p>\ud83e\udd47 Larissa Sch\u00e4fer \u2013 StMV Neukirchen<br>\ud83e\udd48 Mika Hauser \u2013 Vestischer Steno-Club<\/p>\n\n\n\n<p><em>In dieser Disziplin gab es keine Teilnehmer in der Sch\u00fclerklasse.<\/em><\/p>\n\n\n\n<hr class=\"wp-block-separator has-alpha-channel-opacity\"\/>\n\n\n\n<h4 class=\"wp-block-heading\"><strong>Texterfassung \u2013 Erwachsene<\/strong><\/h4>\n\n\n\n<p>\ud83e\udd47 Michael Kufner \u2013 StV Regensburg<br>\ud83e\udd48 Martina Wichers \u2013 StV Soltau<br>\ud83e\udd49 Patrick Sahm \u2013 ZVB Obertshausen<\/p>\n\n\n\n<h4 class=\"wp-block-heading\"><strong>Texterfassung \u2013 Jugend<\/strong><\/h4>\n\n\n\n<p>\ud83e\udd47 Justin Ulke \u2013 StV D\u00fclmen<br>\ud83e\udd48 Larissa Sch\u00e4fer \u2013 StMV Neukirchen<br>\ud83e\udd49 Anna-Lena Purwin \u2013 StV Regensburg<\/p>\n\n\n\n<h4 class=\"wp-block-heading\"><strong>Texterfassung \u2013 Sch\u00fcler<\/strong><\/h4>\n\n\n\n<p>\ud83e\udd47 Leon Bachmaier \u2013 StV Regensburg<br>\ud83e\udd48 Nora Disser \u2013 ZVB Obertshausen<br>\ud83e\udd49 Katja Witt \u2013 StV D\u00fclmen<\/p>\n\n\n\n<hr class=\"wp-block-separator has-alpha-channel-opacity\"\/>\n\n\n\n<h4 class=\"wp-block-heading\"><strong>Perfektionsschreiben \u2013 Erwachsene<\/strong><\/h4>\n\n\n\n<p>\ud83e\udd47 Patrick Sahm \u2013 ZVB Obertshausen<br>\ud83e\udd48 Sandra Sch\u00f6nfeld \u2013 AKADA Bayer Leverkusen<br>\ud83e\udd49 Michael Kufner \u2013 StV Regensburg<\/p>\n\n\n\n<h4 class=\"wp-block-heading\"><strong>Perfektionsschreiben \u2013 Jugend<\/strong><\/h4>\n\n\n\n<p>\ud83e\udd47 Frederike Ide \u2013 StMV Neukirchen<br>\ud83e\udd48 Anna-Lena Purwin \u2013 StV Regensburg<br>\ud83e\udd49 Clara Winterer \u2013 StV Regensburg<\/p>\n\n\n\n<h4 class=\"wp-block-heading\"><strong>Perfektionsschreiben \u2013 Sch\u00fcler<\/strong><\/h4>\n\n\n\n<p>\ud83e\udd47 Leon Bachmaier \u2013 StV Regensburg<br>\ud83e\udd48 Nora Disser \u2013 ZVB Obertshausen<br>\ud83e\udd49 Katja Witt \u2013 StV D\u00fclmen<\/p>\n\n\n\n<hr class=\"wp-block-separator has-alpha-channel-opacity\"\/>\n\n\n\n<h4 class=\"wp-block-heading\"><strong>Professionelle Textverarbeitung \u2013 Erwachsene<\/strong><\/h4>\n\n\n\n<p>\ud83e\udd47 Markus Knehans \u2013 VIVa.OWL<br>\ud83e\udd48 Michael Kufner \u2013 StV Regenburg<br>\ud83e\udd49 Udo Kl\u00fcting \u2013 Vestischer Steno-Club<\/p>\n\n\n\n<h4 class=\"wp-block-heading\"><strong>Professionelle Textverarbeitung \u2013 Jugend<\/strong><\/h4>\n\n\n\n<p>\ud83e\udd47 Frank Sylla \u2013 StV Regensburg<br>\ud83e\udd48 Mika Hauser \u2013 Vestischer Steno-Club<br>\ud83e\udd49 Larissa Sch\u00e4fer \u2013 StMV Neukirchen<\/p>\n\n\n\n<h4 class=\"wp-block-heading\"><strong>Professionelle Textverarbeitung \u2013 Sch\u00fcler<\/strong><\/h4>\n\n\n\n<p>\ud83e\udd47 Nora Disser \u2013 ZVB Obertshausen<br>\ud83e\udd48 Leon Bachmaier \u2013 StV Regensburg<br>\ud83e\udd49 Anne Boppert \u2013 StMV Neukirchen<\/p>\n\n\n\n<hr class=\"wp-block-separator has-alpha-channel-opacity\"\/>\n\n\n\n<h4 class=\"wp-block-heading\"><strong>Textbearbeitung und -gestaltung \u2013 Erwachsene<\/strong><\/h4>\n\n\n\n<p>\ud83e\udd47 Annemarie Mersch \u2013 StV D\u00fclmen<br>\ud83e\udd48 Sarah Riebeling \u2013 StV Schleswig<br>\ud83e\udd49 Udo Kl\u00fcting \u2013 Vestischer Steno-Club<\/p>\n\n\n\n<h4 class=\"wp-block-heading\"><strong>Textbearbeitung und -gestaltung \u2013 Jugend<\/strong><\/h4>\n\n\n\n<p>\ud83e\udd47 Larissa Sch\u00e4fer \u2013 StMV Neukirchen<br>\ud83e\udd48 Frank Sylla \u2013 StV Regensburg<br>\ud83e\udd49 Maurice Middeke \u2013 StV Neukirchen<\/p>\n\n\n\n<h4 class=\"wp-block-heading\"><strong>Textbearbeitung und -gestaltung \u2013 Sch\u00fcler<\/strong><\/h4>\n\n\n\n<p>\ud83e\udd47 Nora Disser \u2013 ZVB Obertshausen<br>\ud83e\udd48 Anne Boppert \u2013 AtMV Neukirchen<br>\ud83e\udd49 Leon Bachmaier \u2013 StV Regensburg<\/p>\n\n\n\n<hr class=\"wp-block-separator has-alpha-channel-opacity\"\/>\n\n\n\n<h4 class=\"wp-block-heading\"><strong>Kurzschrift Englisch \u2013 Erwachsene<\/strong><\/h4>\n\n\n\n<p>\ud83e\udd47 Diane Busam \u2013 StV Oberkirch<br>\ud83e\udd48 Petra Dischinger \u2013 VKMB Offenbach<br>\ud83e\udd49 Uwe Schwab \u2013 VKMB Offenbach<\/p>\n\n\n\n<p><em>In dieser Disziplin gab es keine Teilnehmer in der Jugend- und Sch\u00fclerklasse.<\/em><\/p>\n\n\n\n<hr class=\"wp-block-separator has-alpha-channel-opacity\"\/>\n\n\n\n<h4 class=\"wp-block-heading\"><strong>Kombinationswertung \u2013 Erwachsene<\/strong><\/h4>\n\n\n\n<p>\ud83e\udd47 Maximilian Sadkowiak \u2013 ZVB Obertshausen<br>\ud83e\udd48 Olaf R\u00f6rtgen \u2013 Vestischer Steno-Club<br>\ud83e\udd49 Udo Kl\u00fcting \u2013 Vestischer Steno-Club<\/p>\n\n\n\n<h4 class=\"wp-block-heading\"><strong>Kombinationswertung \u2013 Jugend<\/strong><\/h4>\n\n\n\n<p>\ud83e\udd47 Larissa Sch\u00e4fer \u2013 StMV Neukirchen<br>\ud83e\udd48 Frank Sylla \u2013 StV Regensburg<br>\ud83e\udd49 Anna-Lena Purwin \u2013 StV Regensburg<\/p>\n\n\n\n<h4 class=\"wp-block-heading\"><strong>Kombinationswertung \u2013 Sch\u00fcler<\/strong><\/h4>\n\n\n\n<p>\ud83e\udd47 Nora Disser \u2013 ZVB Obertshausen<br>\ud83e\udd48 Leon Bachmaier \u2013 StV Regensburg<br>\ud83e\udd49 Anne Boppert \u2013 StMV Neukirchen<\/p>\n\n\n\n<hr class=\"wp-block-separator has-text-color has-light-gray-color has-alpha-channel-opacity has-light-gray-background-color has-background is-style-wide\"\/>\n\n\n<div class=\"wp-block-image\">\n<figure class=\"aligncenter size-large\"><img loading=\"lazy\" decoding=\"async\" width=\"1024\" height=\"876\" src=\"https:\/\/www.stenografenbund.de\/wp-content\/uploads\/2025\/06\/Deuttsche-Meister-2025-1024x876.jpg\" alt=\"\" class=\"wp-image-3199\" srcset=\"https:\/\/www.stenografenbund.de\/wp-content\/uploads\/2025\/06\/Deuttsche-Meister-2025-1024x876.jpg 1024w, https:\/\/www.stenografenbund.de\/wp-content\/uploads\/2025\/06\/Deuttsche-Meister-2025-300x257.jpg 300w, https:\/\/www.stenografenbund.de\/wp-content\/uploads\/2025\/06\/Deuttsche-Meister-2025-768x657.jpg 768w, https:\/\/www.stenografenbund.de\/wp-content\/uploads\/2025\/06\/Deuttsche-Meister-2025-1536x1313.jpg 1536w, https:\/\/www.stenografenbund.de\/wp-content\/uploads\/2025\/06\/Deuttsche-Meister-2025-2048x1751.jpg 2048w\" sizes=\"auto, (max-width: 1024px) 100vw, 1024px\" \/><figcaption class=\"wp-element-caption\">Die Deutschen Meister 2025 (v. l. n. r.): Dr. Stefan Schubert, Larissa Sch\u00e4fer, Annemarie Mersch, Markus Knehans, Frederike Ide, Justin Ulke, Patrick Sahm, Nora Disser, Maximilian Sadkowiak, Leon Bachmaier, Frank Sylla, Michael Kufner<\/figcaption><\/figure>\n<\/div>\n\n\n<h3 class=\"wp-block-heading\">Ergebnisliste zum Download<\/h3>\n\n\n\n<div class=\"wp-block-file has-light-gray-background-color has-background\" style=\"padding-top:var(--wp--preset--spacing--30);padding-right:var(--wp--preset--spacing--40);padding-bottom:var(--wp--preset--spacing--30);padding-left:var(--wp--preset--spacing--40)\"><a id=\"wp-block-file--media-efdb1f4a-b856-4580-807d-8681cc557c25\" href=\"https:\/\/www.stenografenbund.de\/wp-content\/uploads\/2025\/06\/2025-DM-Ergebnisliste.pdf\">Ergebnisliste Deutsche Meisterschaften 2025<\/a><a href=\"https:\/\/www.stenografenbund.de\/wp-content\/uploads\/2025\/06\/2025-DM-Ergebnisliste.pdf\" class=\"wp-block-file__button wp-element-button\" download aria-describedby=\"wp-block-file--media-efdb1f4a-b856-4580-807d-8681cc557c25\">Herunterladen<\/a><\/div>\n\n\n\n<hr class=\"wp-block-separator has-alpha-channel-opacity\"\/>\n\n\n\n<h5 class=\"wp-block-heading\">Fotos von der DM 2025 <\/h5>\n\n\n\n<div class=\"wp-block-buttons is-layout-flex wp-block-buttons-is-layout-flex\">\n<div class=\"wp-block-button\"><a class=\"wp-block-button__link wp-element-button\" href=\"https:\/\/www.amazon.de\/photos\/share\/C6G5P4XJFMRW9YOfBsG7X0RAYSNHgZIkhcxPhLTCeSy\" target=\"_blank\" rel=\"noreferrer noopener\">Zu den Fotos<\/a><\/div>\n<\/div>\n\n\n\n<p>\u00a9Uwe Br\u00fcdigam<\/p>\n\n\n\n<p><\/p>\n","protected":false},"excerpt":{"rendered":"<p>Vom 28. bis 31. Mai 2025 trafen sich in Bad Salzschlirf die besten Schreiberinnen und Schreiber Deutschlands zur Austragung der Deutschen Meisterschaften in den Disziplinen Kurzschrift, Texterfassung, Textbearbeitung und -gestaltung sowie Professionelle Textverarbeitung. Austragungsort war<\/p>\n","protected":false},"author":1,"featured_media":3199,"comment_status":"closed","ping_status":"closed","sticky":false,"template":"","format":"standard","meta":{"ngg_post_thumbnail":0,"footnotes":""},"categories":[10],"tags":[107,21,63,5,105,104,103,102,106],"class_list":["post-3173","post","type-post","status-publish","format-standard","has-post-thumbnail","hentry","category-aktuelles","tag-bad-salzschlirf","tag-deuschte-meisterschaften","tag-dm","tag-dstb","tag-hessen","tag-hotel-aqualux","tag-siegerehrung","tag-siegerliste","tag-wettschreiben"],"yoast_head":"<!-- This site is optimized with the Yoast SEO plugin v27.2 - https:\/\/yoast.com\/product\/yoast-seo-wordpress\/ -->\n<title>DM 2025 \u2013 Spitzenschreiber in Bad Salzschlirf - Deutscher Stenografenbund E. V.<\/title>\n<meta name=\"robots\" content=\"index, follow, max-snippet:-1, max-image-preview:large, max-video-preview:-1\" \/>\n<link rel=\"canonical\" href=\"https:\/\/www.stenografenbund.de\/?p=3173\" \/>\n<meta property=\"og:locale\" content=\"de_DE\" \/>\n<meta property=\"og:type\" content=\"article\" \/>\n<meta property=\"og:title\" content=\"DM 2025 \u2013 Spitzenschreiber in Bad Salzschlirf - Deutscher Stenografenbund E. V.\" \/>\n<meta property=\"og:description\" content=\"Vom 28. bis 31. Mai 2025 trafen sich in Bad Salzschlirf die besten Schreiberinnen und Schreiber Deutschlands zur Austragung der Deutschen Meisterschaften in den Disziplinen Kurzschrift, Texterfassung, Textbearbeitung und -gestaltung sowie Professionelle Textverarbeitung. Austragungsort war\" \/>\n<meta property=\"og:url\" content=\"https:\/\/www.stenografenbund.de\/?p=3173\" \/>\n<meta property=\"og:site_name\" content=\"Deutscher Stenografenbund E. V.\" \/>\n<meta property=\"article:published_time\" content=\"2025-05-31T12:29:43+00:00\" \/>\n<meta property=\"article:modified_time\" content=\"2025-08-08T06:41:09+00:00\" \/>\n<meta property=\"og:image\" content=\"https:\/\/www.stenografenbund.de\/wp-content\/uploads\/2025\/06\/Deuttsche-Meister-2025-scaled.jpg\" \/>\n\t<meta property=\"og:image:width\" content=\"2560\" \/>\n\t<meta property=\"og:image:height\" content=\"2189\" \/>\n\t<meta property=\"og:image:type\" content=\"image\/jpeg\" \/>\n<meta name=\"author\" content=\"bb\" \/>\n<meta name=\"twitter:card\" content=\"summary_large_image\" \/>\n<meta name=\"twitter:label1\" content=\"Verfasst von\" \/>\n\t<meta name=\"twitter:data1\" content=\"bb\" \/>\n\t<meta name=\"twitter:label2\" content=\"Gesch\u00e4tzte Lesezeit\" \/>\n\t<meta name=\"twitter:data2\" content=\"5\u00a0Minuten\" \/>\n<script type=\"application\/ld+json\" class=\"yoast-schema-graph\">{\"@context\":\"https:\/\/schema.org\",\"@graph\":[{\"@type\":\"Article\",\"@id\":\"https:\/\/www.stenografenbund.de\/?p=3173#article\",\"isPartOf\":{\"@id\":\"https:\/\/www.stenografenbund.de\/?p=3173\"},\"author\":{\"name\":\"bb\",\"@id\":\"https:\/\/www.stenografenbund.de\/#\/schema\/person\/4b5939b77c884edd85b3701778e03eb9\"},\"headline\":\"DM 2025 \u2013 Spitzenschreiber in Bad Salzschlirf\",\"datePublished\":\"2025-05-31T12:29:43+00:00\",\"dateModified\":\"2025-08-08T06:41:09+00:00\",\"mainEntityOfPage\":{\"@id\":\"https:\/\/www.stenografenbund.de\/?p=3173\"},\"wordCount\":624,\"publisher\":{\"@id\":\"https:\/\/www.stenografenbund.de\/#organization\"},\"image\":{\"@id\":\"https:\/\/www.stenografenbund.de\/?p=3173#primaryimage\"},\"thumbnailUrl\":\"https:\/\/www.stenografenbund.de\/wp-content\/uploads\/2025\/06\/Deuttsche-Meister-2025-scaled.jpg\",\"keywords\":[\"Bad Salzschlirf\",\"Deutsche Meisterschaften\",\"DM\",\"DSTB\",\"Hessen\",\"Hotel aqualux\",\"Siegerehrung\",\"Siegerliste\",\"Wettschreiben\"],\"articleSection\":[\"Aktuelles\"],\"inLanguage\":\"de\"},{\"@type\":\"WebPage\",\"@id\":\"https:\/\/www.stenografenbund.de\/?p=3173\",\"url\":\"https:\/\/www.stenografenbund.de\/?p=3173\",\"name\":\"DM 2025 \u2013 Spitzenschreiber in Bad Salzschlirf - Deutscher Stenografenbund E. V.\",\"isPartOf\":{\"@id\":\"https:\/\/www.stenografenbund.de\/#website\"},\"primaryImageOfPage\":{\"@id\":\"https:\/\/www.stenografenbund.de\/?p=3173#primaryimage\"},\"image\":{\"@id\":\"https:\/\/www.stenografenbund.de\/?p=3173#primaryimage\"},\"thumbnailUrl\":\"https:\/\/www.stenografenbund.de\/wp-content\/uploads\/2025\/06\/Deuttsche-Meister-2025-scaled.jpg\",\"datePublished\":\"2025-05-31T12:29:43+00:00\",\"dateModified\":\"2025-08-08T06:41:09+00:00\",\"breadcrumb\":{\"@id\":\"https:\/\/www.stenografenbund.de\/?p=3173#breadcrumb\"},\"inLanguage\":\"de\",\"potentialAction\":[{\"@type\":\"ReadAction\",\"target\":[\"https:\/\/www.stenografenbund.de\/?p=3173\"]}]},{\"@type\":\"ImageObject\",\"inLanguage\":\"de\",\"@id\":\"https:\/\/www.stenografenbund.de\/?p=3173#primaryimage\",\"url\":\"https:\/\/www.stenografenbund.de\/wp-content\/uploads\/2025\/06\/Deuttsche-Meister-2025-scaled.jpg\",\"contentUrl\":\"https:\/\/www.stenografenbund.de\/wp-content\/uploads\/2025\/06\/Deuttsche-Meister-2025-scaled.jpg\",\"width\":2560,\"height\":2189,\"caption\":\"Die Deutschen Meister 2025 (v. l. n. r.): Dr. Stefan Schubert, Larissa Sch\u00e4fer, Annemarie Mersch, Markus Knehans, Frederike Ide, Justin Ulke, Patrick Sahm, Nora Disser, Maximilian Sadkowiak, Leon Bachmaier, Frank Sylla, Michael Kufner\"},{\"@type\":\"BreadcrumbList\",\"@id\":\"https:\/\/www.stenografenbund.de\/?p=3173#breadcrumb\",\"itemListElement\":[{\"@type\":\"ListItem\",\"position\":1,\"name\":\"Startseite\",\"item\":\"https:\/\/www.stenografenbund.de\/\"},{\"@type\":\"ListItem\",\"position\":2,\"name\":\"DM 2025 \u2013 Spitzenschreiber in Bad Salzschlirf\"}]},{\"@type\":\"WebSite\",\"@id\":\"https:\/\/www.stenografenbund.de\/#website\",\"url\":\"https:\/\/www.stenografenbund.de\/\",\"name\":\"Deutscher Stenografenbund E. V.\",\"description\":\"Bundesverband f\u00fcr Informationsverarbeitung, Textverarbeitung und Stenografie\",\"publisher\":{\"@id\":\"https:\/\/www.stenografenbund.de\/#organization\"},\"potentialAction\":[{\"@type\":\"SearchAction\",\"target\":{\"@type\":\"EntryPoint\",\"urlTemplate\":\"https:\/\/www.stenografenbund.de\/?s={search_term_string}\"},\"query-input\":{\"@type\":\"PropertyValueSpecification\",\"valueRequired\":true,\"valueName\":\"search_term_string\"}}],\"inLanguage\":\"de\"},{\"@type\":\"Organization\",\"@id\":\"https:\/\/www.stenografenbund.de\/#organization\",\"name\":\"Deutscher Stenografenbund E. V.\",\"url\":\"https:\/\/www.stenografenbund.de\/\",\"logo\":{\"@type\":\"ImageObject\",\"inLanguage\":\"de\",\"@id\":\"https:\/\/www.stenografenbund.de\/#\/schema\/logo\/image\/\",\"url\":\"https:\/\/www.stenografenbund.de\/wp-content\/uploads\/2019\/02\/cropped-DStB_Logo_NEU_2.png\",\"contentUrl\":\"https:\/\/www.stenografenbund.de\/wp-content\/uploads\/2019\/02\/cropped-DStB_Logo_NEU_2.png\",\"width\":499,\"height\":91,\"caption\":\"Deutscher Stenografenbund E. V.\"},\"image\":{\"@id\":\"https:\/\/www.stenografenbund.de\/#\/schema\/logo\/image\/\"}},{\"@type\":\"Person\",\"@id\":\"https:\/\/www.stenografenbund.de\/#\/schema\/person\/4b5939b77c884edd85b3701778e03eb9\",\"name\":\"bb\",\"image\":{\"@type\":\"ImageObject\",\"inLanguage\":\"de\",\"@id\":\"https:\/\/secure.gravatar.com\/avatar\/82220f05a55ca98e6b9d53294cc477df373e799447256ce720d977a6ebe1b6ae?s=96&d=mm&r=g\",\"url\":\"https:\/\/secure.gravatar.com\/avatar\/82220f05a55ca98e6b9d53294cc477df373e799447256ce720d977a6ebe1b6ae?s=96&d=mm&r=g\",\"contentUrl\":\"https:\/\/secure.gravatar.com\/avatar\/82220f05a55ca98e6b9d53294cc477df373e799447256ce720d977a6ebe1b6ae?s=96&d=mm&r=g\",\"caption\":\"bb\"},\"url\":\"https:\/\/www.stenografenbund.de\/?author=1\"}]}<\/script>\n<!-- \/ Yoast SEO plugin. -->","yoast_head_json":{"title":"DM 2025 \u2013 Spitzenschreiber in Bad Salzschlirf - Deutscher Stenografenbund E. V.","robots":{"index":"index","follow":"follow","max-snippet":"max-snippet:-1","max-image-preview":"max-image-preview:large","max-video-preview":"max-video-preview:-1"},"canonical":"https:\/\/www.stenografenbund.de\/?p=3173","og_locale":"de_DE","og_type":"article","og_title":"DM 2025 \u2013 Spitzenschreiber in Bad Salzschlirf - Deutscher Stenografenbund E. V.","og_description":"Vom 28. bis 31. Mai 2025 trafen sich in Bad Salzschlirf die besten Schreiberinnen und Schreiber Deutschlands zur Austragung der Deutschen Meisterschaften in den Disziplinen Kurzschrift, Texterfassung, Textbearbeitung und -gestaltung sowie Professionelle Textverarbeitung. Austragungsort war","og_url":"https:\/\/www.stenografenbund.de\/?p=3173","og_site_name":"Deutscher Stenografenbund E. V.","article_published_time":"2025-05-31T12:29:43+00:00","article_modified_time":"2025-08-08T06:41:09+00:00","og_image":[{"width":2560,"height":2189,"url":"https:\/\/www.stenografenbund.de\/wp-content\/uploads\/2025\/06\/Deuttsche-Meister-2025-scaled.jpg","type":"image\/jpeg"}],"author":"bb","twitter_card":"summary_large_image","twitter_misc":{"Verfasst von":"bb","Gesch\u00e4tzte Lesezeit":"5\u00a0Minuten"},"schema":{"@context":"https:\/\/schema.org","@graph":[{"@type":"Article","@id":"https:\/\/www.stenografenbund.de\/?p=3173#article","isPartOf":{"@id":"https:\/\/www.stenografenbund.de\/?p=3173"},"author":{"name":"bb","@id":"https:\/\/www.stenografenbund.de\/#\/schema\/person\/4b5939b77c884edd85b3701778e03eb9"},"headline":"DM 2025 \u2013 Spitzenschreiber in Bad Salzschlirf","datePublished":"2025-05-31T12:29:43+00:00","dateModified":"2025-08-08T06:41:09+00:00","mainEntityOfPage":{"@id":"https:\/\/www.stenografenbund.de\/?p=3173"},"wordCount":624,"publisher":{"@id":"https:\/\/www.stenografenbund.de\/#organization"},"image":{"@id":"https:\/\/www.stenografenbund.de\/?p=3173#primaryimage"},"thumbnailUrl":"https:\/\/www.stenografenbund.de\/wp-content\/uploads\/2025\/06\/Deuttsche-Meister-2025-scaled.jpg","keywords":["Bad Salzschlirf","Deutsche Meisterschaften","DM","DSTB","Hessen","Hotel aqualux","Siegerehrung","Siegerliste","Wettschreiben"],"articleSection":["Aktuelles"],"inLanguage":"de"},{"@type":"WebPage","@id":"https:\/\/www.stenografenbund.de\/?p=3173","url":"https:\/\/www.stenografenbund.de\/?p=3173","name":"DM 2025 \u2013 Spitzenschreiber in Bad Salzschlirf - Deutscher Stenografenbund E. V.","isPartOf":{"@id":"https:\/\/www.stenografenbund.de\/#website"},"primaryImageOfPage":{"@id":"https:\/\/www.stenografenbund.de\/?p=3173#primaryimage"},"image":{"@id":"https:\/\/www.stenografenbund.de\/?p=3173#primaryimage"},"thumbnailUrl":"https:\/\/www.stenografenbund.de\/wp-content\/uploads\/2025\/06\/Deuttsche-Meister-2025-scaled.jpg","datePublished":"2025-05-31T12:29:43+00:00","dateModified":"2025-08-08T06:41:09+00:00","breadcrumb":{"@id":"https:\/\/www.stenografenbund.de\/?p=3173#breadcrumb"},"inLanguage":"de","potentialAction":[{"@type":"ReadAction","target":["https:\/\/www.stenografenbund.de\/?p=3173"]}]},{"@type":"ImageObject","inLanguage":"de","@id":"https:\/\/www.stenografenbund.de\/?p=3173#primaryimage","url":"https:\/\/www.stenografenbund.de\/wp-content\/uploads\/2025\/06\/Deuttsche-Meister-2025-scaled.jpg","contentUrl":"https:\/\/www.stenografenbund.de\/wp-content\/uploads\/2025\/06\/Deuttsche-Meister-2025-scaled.jpg","width":2560,"height":2189,"caption":"Die Deutschen Meister 2025 (v. l. n. r.): Dr. Stefan Schubert, Larissa Sch\u00e4fer, Annemarie Mersch, Markus Knehans, Frederike Ide, Justin Ulke, Patrick Sahm, Nora Disser, Maximilian Sadkowiak, Leon Bachmaier, Frank Sylla, Michael Kufner"},{"@type":"BreadcrumbList","@id":"https:\/\/www.stenografenbund.de\/?p=3173#breadcrumb","itemListElement":[{"@type":"ListItem","position":1,"name":"Startseite","item":"https:\/\/www.stenografenbund.de\/"},{"@type":"ListItem","position":2,"name":"DM 2025 \u2013 Spitzenschreiber in Bad Salzschlirf"}]},{"@type":"WebSite","@id":"https:\/\/www.stenografenbund.de\/#website","url":"https:\/\/www.stenografenbund.de\/","name":"Deutscher Stenografenbund E. V.","description":"Bundesverband f\u00fcr Informationsverarbeitung, Textverarbeitung und Stenografie","publisher":{"@id":"https:\/\/www.stenografenbund.de\/#organization"},"potentialAction":[{"@type":"SearchAction","target":{"@type":"EntryPoint","urlTemplate":"https:\/\/www.stenografenbund.de\/?s={search_term_string}"},"query-input":{"@type":"PropertyValueSpecification","valueRequired":true,"valueName":"search_term_string"}}],"inLanguage":"de"},{"@type":"Organization","@id":"https:\/\/www.stenografenbund.de\/#organization","name":"Deutscher Stenografenbund E. V.","url":"https:\/\/www.stenografenbund.de\/","logo":{"@type":"ImageObject","inLanguage":"de","@id":"https:\/\/www.stenografenbund.de\/#\/schema\/logo\/image\/","url":"https:\/\/www.stenografenbund.de\/wp-content\/uploads\/2019\/02\/cropped-DStB_Logo_NEU_2.png","contentUrl":"https:\/\/www.stenografenbund.de\/wp-content\/uploads\/2019\/02\/cropped-DStB_Logo_NEU_2.png","width":499,"height":91,"caption":"Deutscher Stenografenbund E. V."},"image":{"@id":"https:\/\/www.stenografenbund.de\/#\/schema\/logo\/image\/"}},{"@type":"Person","@id":"https:\/\/www.stenografenbund.de\/#\/schema\/person\/4b5939b77c884edd85b3701778e03eb9","name":"bb","image":{"@type":"ImageObject","inLanguage":"de","@id":"https:\/\/secure.gravatar.com\/avatar\/82220f05a55ca98e6b9d53294cc477df373e799447256ce720d977a6ebe1b6ae?s=96&d=mm&r=g","url":"https:\/\/secure.gravatar.com\/avatar\/82220f05a55ca98e6b9d53294cc477df373e799447256ce720d977a6ebe1b6ae?s=96&d=mm&r=g","contentUrl":"https:\/\/secure.gravatar.com\/avatar\/82220f05a55ca98e6b9d53294cc477df373e799447256ce720d977a6ebe1b6ae?s=96&d=mm&r=g","caption":"bb"},"url":"https:\/\/www.stenografenbund.de\/?author=1"}]}},"_links":{"self":[{"href":"https:\/\/www.stenografenbund.de\/index.php?rest_route=\/wp\/v2\/posts\/3173","targetHints":{"allow":["GET"]}}],"collection":[{"href":"https:\/\/www.stenografenbund.de\/index.php?rest_route=\/wp\/v2\/posts"}],"about":[{"href":"https:\/\/www.stenografenbund.de\/index.php?rest_route=\/wp\/v2\/types\/post"}],"author":[{"embeddable":true,"href":"https:\/\/www.stenografenbund.de\/index.php?rest_route=\/wp\/v2\/users\/1"}],"replies":[{"embeddable":true,"href":"https:\/\/www.stenografenbund.de\/index.php?rest_route=%2Fwp%2Fv2%2Fcomments&post=3173"}],"version-history":[{"count":15,"href":"https:\/\/www.stenografenbund.de\/index.php?rest_route=\/wp\/v2\/posts\/3173\/revisions"}],"predecessor-version":[{"id":3210,"href":"https:\/\/www.stenografenbund.de\/index.php?rest_route=\/wp\/v2\/posts\/3173\/revisions\/3210"}],"wp:featuredmedia":[{"embeddable":true,"href":"https:\/\/www.stenografenbund.de\/index.php?rest_route=\/wp\/v2\/media\/3199"}],"wp:attachment":[{"href":"https:\/\/www.stenografenbund.de\/index.php?rest_route=%2Fwp%2Fv2%2Fmedia&parent=3173"}],"wp:term":[{"taxonomy":"category","embeddable":true,"href":"https:\/\/www.stenografenbund.de\/index.php?rest_route=%2Fwp%2Fv2%2Fcategories&post=3173"},{"taxonomy":"post_tag","embeddable":true,"href":"https:\/\/www.stenografenbund.de\/index.php?rest_route=%2Fwp%2Fv2%2Ftags&post=3173"}],"curies":[{"name":"wp","href":"https:\/\/api.w.org\/{rel}","templated":true}]}}