{"id":3080,"date":"2024-11-21T07:55:07","date_gmt":"2024-11-21T06:55:07","guid":{"rendered":"https:\/\/www.stenografenbund.de\/?p=3080"},"modified":"2024-11-21T08:45:45","modified_gmt":"2024-11-21T07:45:45","slug":"horst-erich-sahm-erhaelt-die-goldene-ehrenplakette-des-deutschen-stenografenbundes-e-v","status":"publish","type":"post","link":"https:\/\/www.stenografenbund.de\/?p=3080","title":{"rendered":"Horst Erich Sahm erh\u00e4lt die Goldene Ehrenplakette des Deutschen Stenografenbundes E. V."},"content":{"rendered":"\n<p>Unter den Wettschreibern des Deutschen Stenografenbundes E. V. (DStB) wird es kaum jemanden geben, dem der Name \u201eHorst Erich Sahm\u201c nichts sagt. Horst Erich Sahm hat sich seit vielen Jahren in h\u00f6chstem Ma\u00dfe verdient gemacht um die stenografische Organisation. Er hat im Auftrag des Pr\u00e4sidiums seit 2016 die Deutschen Meisterschaften des DStB und auch die Hessischen Einzel- sowie Mannschaftsmeisterschaften des Hessischen Stenografenverbandes E.\u00a0V. durch sein gro\u00dfes organisatorisches Talent ma\u00dfgeblich gepr\u00e4gt.<\/p>\n\n\n\n<p>F\u00fcr sein gro\u00dfes Engagement wurde Horst Erich Sahm nun anl\u00e4sslich des Bundespokalschreibens 2024 in Offenbach mit der <strong>Ehrenplakette<\/strong> des Deutschen Stenografenbundes in Gold geehrt. Die Plakette wurde ihm am 26.11.2024 in Offenbach im Rahmen der Festveranstaltung zum Bundespokalschreiben durch Regina Hofmann (DStB-Pr\u00e4sidentin) und Reiner Karbowski (DStB-Vizepr\u00e4sident) \u00fcberreicht. Ausgezeichnet wurde insbesondere seine \u201elangj\u00e4hrige, erfolgreiche T\u00e4tigkeit bei der Organisation und Durchf\u00fchrung der Deutschen Meisterschaften\u201c.<\/p>\n\n\n\n<p>Wir gratulieren Horst Erich Sahm herzlich zu dieser Ehrung!<\/p>\n\n\n<div class=\"wp-block-image\">\n<figure class=\"aligncenter size-large\"><img loading=\"lazy\" decoding=\"async\" width=\"1024\" height=\"576\" src=\"https:\/\/www.stenografenbund.de\/wp-content\/uploads\/2024\/11\/269A7091-scaled-e1732172061692-1024x576.jpg\" alt=\"\" class=\"wp-image-3081\" srcset=\"https:\/\/www.stenografenbund.de\/wp-content\/uploads\/2024\/11\/269A7091-scaled-e1732172061692-1024x576.jpg 1024w, https:\/\/www.stenografenbund.de\/wp-content\/uploads\/2024\/11\/269A7091-scaled-e1732172061692-300x169.jpg 300w, https:\/\/www.stenografenbund.de\/wp-content\/uploads\/2024\/11\/269A7091-scaled-e1732172061692-768x432.jpg 768w, https:\/\/www.stenografenbund.de\/wp-content\/uploads\/2024\/11\/269A7091-scaled-e1732172061692-1536x864.jpg 1536w, https:\/\/www.stenografenbund.de\/wp-content\/uploads\/2024\/11\/269A7091-scaled-e1732172061692-2048x1152.jpg 2048w\" sizes=\"auto, (max-width: 1024px) 100vw, 1024px\" \/><figcaption class=\"wp-element-caption\">Horst Erich Sahm (rechts) zusammen mit DStB-Pr\u00e4sidentin Regina Hofmann (Mitte) und DStB-Vizepr\u00e4sident Reiner Karbowski (links) bei der \u00dcberreichung der Plakette (Foto: Uwe Br\u00fcdigam)<\/figcaption><\/figure>\n<\/div>\n\n\n<p>Diese gro\u00dfe Ehrung geht aber auch einher mit dem Abschied Horst Erich Sahms aus der Wettschreiborganisationen, von der er sich nun zur Ruhe setzen wird. Wir sind froh, bereits ein neues engagiertes Team f\u00fcr die Wettschreiborganisation gewonnen zu haben \u2013 werden aber stets wehm\u00fctig auf die gemeinsame Zeit mit Horst Erich Sahm zur\u00fcckblicken und danken ihm f\u00fcr sein unerm\u00fcdliches Engagement. Die Pr\u00e4sidentin brachte es in ihrer Laudatio auf den Punkt: \u201e\u2026 wir k\u00f6nnen mehrere Horst Erich\u2019s gut gebrauchen.\u201c<\/p>\n\n\n\n<p>Als weitere Ehrung f\u00fcr die Verdienste von Horst Erich Sahm brachte die Zeitschrift f\u00fcr Stenografie, Sprach- und Schriftkultur (\u201eStolze-Schrey-Post\u201c, Ausgabe 2024\/2, Seiten 19 \u2013 28) anl\u00e4sslich seines 75. Geburtstags ein umfassendes Portr\u00e4t mit ausf\u00fchrlichem Interview unter dem Titel: \u201eHorst Erich Sahm \u2013 75 Jahre, Wettschreiben als lebenslange Leidenschaft\u201c. In diesem Beitrag erfahren wir vieles aus dem Leben und insbesondere aus der Wettschreibkarriere Horst Erich Sahms.<\/p>\n\n\n\n<p>Horst Erich Sahm wurde 1949 in Offenbach am Main geboren und kann auf eine lange Zeit als aktiver Wettschreiber zur\u00fcckschauen. Viele Jahre war er in verschiedenen Vorstands\u00e4mtern t\u00e4tig und zuletzt ma\u00dfgeblich in der Wettschreiborganisation. Seit 1975 ist er Mitglied im Stenografenverein <em>\u201eZVB Obertshausen\u201c<\/em>, von 1990 bis 2020 Vorsitzender des Vereins.<\/p>\n\n\n\n<p>Im Vorstand des Hessischen Stenografenverbandes war er ab 2013\/2014 Mitglied des Gesamtvorstandes, in dem er dann auch die Organisation der beiden Hessischen Meisterschaften (Hessische Einzelmeisterschaften und Hessische Mannschaftsmeisterschaften) \u00fcbernahm. Die jahrelange Organisation der hessischen Wettschreiben war es schlie\u00dflich, die ihn dazu ermutigte, auch die Organisation der Deutschen Meisterschaften zu \u00fcbernehmen. Die Deutschen Meisterschaften 2024 in Soltau waren nun die letzten unter seiner Organisation. Auch die Organisation der Hessischen Einzel- und Mannschaftsmeisterschaften hat er dieses Jahr zum letzten Mal \u00fcbernommen. \u00dcber seinen Bezug zur stenografischen Organisation erz\u00e4hlt Horst Erich Sahm im Interview: \u201eIch habe 1963 im Alter von 13 Jahren in Offenbach den Beruf des Schriftsetzers im Bleisatz erlernt, bin dadurch also auch ein \u201aJ\u00fcnger Gutenbergs\u2018.<\/p>\n\n\n\n<p>Als Anfang der 70er-Jahre dann der Fotosatz seinen Einzug hielt, musste ich \u2013 obwohl ich nach der Ausbildung nie mehr eine Schulbank dr\u00fccken wollte \u2013 etwas tun und erlernte im 2. Halbjahr 1975 das Maschinenschreiben. Mir machte dabei von Anfang an \u201adie Geschwindigkeit\u2018 viel Spa\u00df und ich wusste, wenn ich in den zuk\u00fcnftigen Firmen besser als meine \u201aKonkurrenten\u2018 sein wollte, dann kann ich dies zuerst \u00fcber meine Geschwindigkeit im 10-Finger-Tastsystem erzielen. Denn viele konnten dies nicht.<\/p>\n\n\n\n<p>\u00dcbrigens: Bei den Zwischen- und Abschlusspr\u00fcfungen in der Lehrzeit geh\u00f6rte zu den praktischen Bleisatz\u00fcbungen auch ein Geschwindigkeitswettbewerb dazu: N\u00e4mlich 30 Minuten lang \u201aGlatter Satz\u2018, mit Winkelhaken, Satzschiff und gro\u00dfem Bleikasten Buchstaben f\u00fcr Buchstaben \u201aabsetzen\u2018. Die Buchstaben waren dabei nat\u00fcrlich in Spiegelschrift. Und hier sorgte ich bei der Zwischenpr\u00fcfung f\u00fcr ein Novum, denn bereits nach 25 Minuten hatte ich meinem ganzen Text von der Textvorlage \u201aabgesetzt\u2018. Dies sorgte nat\u00fcrlich bei der IHK-Pr\u00fcfungskommission f\u00fcr gro\u00dfe Verwunderung, denn so etwas gab es vorher noch nicht und ab der n\u00e4chsten Pr\u00fcfung waren alle Textinhalte l\u00e4nger.\u201c \u2013 Dies ist zudem ein eindrucksvolles Beispiel f\u00fcr die hohe Leistungsf\u00e4higkeit unserer Schreibtechniken.<\/p>\n\n\n\n<p>Wir w\u00fcnschen Horst Erich Sahm von Herzen alles Gute! Verbunden damit ist die Hoffnung, dass man sich auf den Meisterschaften weiterhin trifft \u2013 auch nach Abgabe der Rolle als Wettschreiborganisator. Ein herzlicher Schriftgru\u00df!<\/p>\n\n\n\n<p><em>Dr. Jascha-Alexander Koch, Vizepr\u00e4sident des DStB<\/em><\/p>\n","protected":false},"excerpt":{"rendered":"<p>Unter den Wettschreibern des Deutschen Stenografenbundes E. V. (DStB) wird es kaum jemanden geben, dem der Name \u201eHorst Erich Sahm\u201c nichts sagt. Horst Erich Sahm hat sich seit vielen Jahren in h\u00f6chstem Ma\u00dfe verdient gemacht<\/p>\n","protected":false},"author":1,"featured_media":3083,"comment_status":"closed","ping_status":"closed","sticky":false,"template":"","format":"standard","meta":{"ngg_post_thumbnail":0,"footnotes":""},"categories":[10,61],"tags":[21,98,5,97,96],"class_list":["post-3080","post","type-post","status-publish","format-standard","has-post-thumbnail","hentry","category-aktuelles","category-ehrungen","tag-deuschte-meisterschaften","tag-deutscher-stenografenbund","tag-dstb","tag-ehrenplakette","tag-horst-erich-sahm"],"yoast_head":"<!-- This site is optimized with the Yoast SEO plugin v27.2 - https:\/\/yoast.com\/product\/yoast-seo-wordpress\/ -->\n<title>Horst Erich Sahm erh\u00e4lt die Goldene Ehrenplakette des Deutschen Stenografenbundes E. V. - Deutscher Stenografenbund E. V.<\/title>\n<meta name=\"robots\" content=\"index, follow, max-snippet:-1, max-image-preview:large, max-video-preview:-1\" \/>\n<link rel=\"canonical\" href=\"https:\/\/www.stenografenbund.de\/?p=3080\" \/>\n<meta property=\"og:locale\" content=\"de_DE\" \/>\n<meta property=\"og:type\" content=\"article\" \/>\n<meta property=\"og:title\" content=\"Horst Erich Sahm erh\u00e4lt die Goldene Ehrenplakette des Deutschen Stenografenbundes E. V. - Deutscher Stenografenbund E. V.\" \/>\n<meta property=\"og:description\" content=\"Unter den Wettschreibern des Deutschen Stenografenbundes E. V. (DStB) wird es kaum jemanden geben, dem der Name \u201eHorst Erich Sahm\u201c nichts sagt. Horst Erich Sahm hat sich seit vielen Jahren in h\u00f6chstem Ma\u00dfe verdient gemacht\" \/>\n<meta property=\"og:url\" content=\"https:\/\/www.stenografenbund.de\/?p=3080\" \/>\n<meta property=\"og:site_name\" content=\"Deutscher Stenografenbund E. V.\" \/>\n<meta property=\"article:published_time\" content=\"2024-11-21T06:55:07+00:00\" \/>\n<meta property=\"article:modified_time\" content=\"2024-11-21T07:45:45+00:00\" \/>\n<meta property=\"og:image\" content=\"https:\/\/www.stenografenbund.de\/wp-content\/uploads\/2024\/11\/269A7081-scaled-e1732172268861.jpg\" \/>\n\t<meta property=\"og:image:width\" content=\"2560\" \/>\n\t<meta property=\"og:image:height\" content=\"1442\" \/>\n\t<meta property=\"og:image:type\" content=\"image\/jpeg\" \/>\n<meta name=\"author\" content=\"bb\" \/>\n<meta name=\"twitter:card\" content=\"summary_large_image\" \/>\n<meta name=\"twitter:label1\" content=\"Verfasst von\" \/>\n\t<meta name=\"twitter:data1\" content=\"bb\" \/>\n\t<meta name=\"twitter:label2\" content=\"Gesch\u00e4tzte Lesezeit\" \/>\n\t<meta name=\"twitter:data2\" content=\"5\u00a0Minuten\" \/>\n<script type=\"application\/ld+json\" class=\"yoast-schema-graph\">{\"@context\":\"https:\/\/schema.org\",\"@graph\":[{\"@type\":\"Article\",\"@id\":\"https:\/\/www.stenografenbund.de\/?p=3080#article\",\"isPartOf\":{\"@id\":\"https:\/\/www.stenografenbund.de\/?p=3080\"},\"author\":{\"name\":\"bb\",\"@id\":\"https:\/\/www.stenografenbund.de\/#\/schema\/person\/4b5939b77c884edd85b3701778e03eb9\"},\"headline\":\"Horst Erich Sahm erh\u00e4lt die Goldene Ehrenplakette des Deutschen Stenografenbundes E. V.\",\"datePublished\":\"2024-11-21T06:55:07+00:00\",\"dateModified\":\"2024-11-21T07:45:45+00:00\",\"mainEntityOfPage\":{\"@id\":\"https:\/\/www.stenografenbund.de\/?p=3080\"},\"wordCount\":737,\"publisher\":{\"@id\":\"https:\/\/www.stenografenbund.de\/#organization\"},\"image\":{\"@id\":\"https:\/\/www.stenografenbund.de\/?p=3080#primaryimage\"},\"thumbnailUrl\":\"https:\/\/www.stenografenbund.de\/wp-content\/uploads\/2024\/11\/269A7081-scaled-e1732172268861.jpg\",\"keywords\":[\"Deutsche Meisterschaften\",\"Deutscher Stenografenbund\",\"DSTB\",\"Ehrenplakette\",\"Horst Erich Sahm\"],\"articleSection\":[\"Aktuelles\",\"Ehrungen\"],\"inLanguage\":\"de\"},{\"@type\":\"WebPage\",\"@id\":\"https:\/\/www.stenografenbund.de\/?p=3080\",\"url\":\"https:\/\/www.stenografenbund.de\/?p=3080\",\"name\":\"Horst Erich Sahm erh\u00e4lt die Goldene Ehrenplakette des Deutschen Stenografenbundes E. V. - Deutscher Stenografenbund E. V.\",\"isPartOf\":{\"@id\":\"https:\/\/www.stenografenbund.de\/#website\"},\"primaryImageOfPage\":{\"@id\":\"https:\/\/www.stenografenbund.de\/?p=3080#primaryimage\"},\"image\":{\"@id\":\"https:\/\/www.stenografenbund.de\/?p=3080#primaryimage\"},\"thumbnailUrl\":\"https:\/\/www.stenografenbund.de\/wp-content\/uploads\/2024\/11\/269A7081-scaled-e1732172268861.jpg\",\"datePublished\":\"2024-11-21T06:55:07+00:00\",\"dateModified\":\"2024-11-21T07:45:45+00:00\",\"breadcrumb\":{\"@id\":\"https:\/\/www.stenografenbund.de\/?p=3080#breadcrumb\"},\"inLanguage\":\"de\",\"potentialAction\":[{\"@type\":\"ReadAction\",\"target\":[\"https:\/\/www.stenografenbund.de\/?p=3080\"]}]},{\"@type\":\"ImageObject\",\"inLanguage\":\"de\",\"@id\":\"https:\/\/www.stenografenbund.de\/?p=3080#primaryimage\",\"url\":\"https:\/\/www.stenografenbund.de\/wp-content\/uploads\/2024\/11\/269A7081-scaled-e1732172268861.jpg\",\"contentUrl\":\"https:\/\/www.stenografenbund.de\/wp-content\/uploads\/2024\/11\/269A7081-scaled-e1732172268861.jpg\",\"width\":2560,\"height\":1442},{\"@type\":\"BreadcrumbList\",\"@id\":\"https:\/\/www.stenografenbund.de\/?p=3080#breadcrumb\",\"itemListElement\":[{\"@type\":\"ListItem\",\"position\":1,\"name\":\"Startseite\",\"item\":\"https:\/\/www.stenografenbund.de\/\"},{\"@type\":\"ListItem\",\"position\":2,\"name\":\"Horst Erich Sahm erh\u00e4lt die Goldene Ehrenplakette des Deutschen Stenografenbundes E. V.\"}]},{\"@type\":\"WebSite\",\"@id\":\"https:\/\/www.stenografenbund.de\/#website\",\"url\":\"https:\/\/www.stenografenbund.de\/\",\"name\":\"Deutscher Stenografenbund E. V.\",\"description\":\"Bundesverband f\u00fcr Informationsverarbeitung, Textverarbeitung und Stenografie\",\"publisher\":{\"@id\":\"https:\/\/www.stenografenbund.de\/#organization\"},\"potentialAction\":[{\"@type\":\"SearchAction\",\"target\":{\"@type\":\"EntryPoint\",\"urlTemplate\":\"https:\/\/www.stenografenbund.de\/?s={search_term_string}\"},\"query-input\":{\"@type\":\"PropertyValueSpecification\",\"valueRequired\":true,\"valueName\":\"search_term_string\"}}],\"inLanguage\":\"de\"},{\"@type\":\"Organization\",\"@id\":\"https:\/\/www.stenografenbund.de\/#organization\",\"name\":\"Deutscher Stenografenbund E. V.\",\"url\":\"https:\/\/www.stenografenbund.de\/\",\"logo\":{\"@type\":\"ImageObject\",\"inLanguage\":\"de\",\"@id\":\"https:\/\/www.stenografenbund.de\/#\/schema\/logo\/image\/\",\"url\":\"https:\/\/www.stenografenbund.de\/wp-content\/uploads\/2019\/02\/cropped-DStB_Logo_NEU_2.png\",\"contentUrl\":\"https:\/\/www.stenografenbund.de\/wp-content\/uploads\/2019\/02\/cropped-DStB_Logo_NEU_2.png\",\"width\":499,\"height\":91,\"caption\":\"Deutscher Stenografenbund E. V.\"},\"image\":{\"@id\":\"https:\/\/www.stenografenbund.de\/#\/schema\/logo\/image\/\"}},{\"@type\":\"Person\",\"@id\":\"https:\/\/www.stenografenbund.de\/#\/schema\/person\/4b5939b77c884edd85b3701778e03eb9\",\"name\":\"bb\",\"image\":{\"@type\":\"ImageObject\",\"inLanguage\":\"de\",\"@id\":\"https:\/\/secure.gravatar.com\/avatar\/82220f05a55ca98e6b9d53294cc477df373e799447256ce720d977a6ebe1b6ae?s=96&d=mm&r=g\",\"url\":\"https:\/\/secure.gravatar.com\/avatar\/82220f05a55ca98e6b9d53294cc477df373e799447256ce720d977a6ebe1b6ae?s=96&d=mm&r=g\",\"contentUrl\":\"https:\/\/secure.gravatar.com\/avatar\/82220f05a55ca98e6b9d53294cc477df373e799447256ce720d977a6ebe1b6ae?s=96&d=mm&r=g\",\"caption\":\"bb\"},\"url\":\"https:\/\/www.stenografenbund.de\/?author=1\"}]}<\/script>\n<!-- \/ Yoast SEO plugin. -->","yoast_head_json":{"title":"Horst Erich Sahm erh\u00e4lt die Goldene Ehrenplakette des Deutschen Stenografenbundes E. V. - Deutscher Stenografenbund E. V.","robots":{"index":"index","follow":"follow","max-snippet":"max-snippet:-1","max-image-preview":"max-image-preview:large","max-video-preview":"max-video-preview:-1"},"canonical":"https:\/\/www.stenografenbund.de\/?p=3080","og_locale":"de_DE","og_type":"article","og_title":"Horst Erich Sahm erh\u00e4lt die Goldene Ehrenplakette des Deutschen Stenografenbundes E. V. - Deutscher Stenografenbund E. V.","og_description":"Unter den Wettschreibern des Deutschen Stenografenbundes E. V. (DStB) wird es kaum jemanden geben, dem der Name \u201eHorst Erich Sahm\u201c nichts sagt. Horst Erich Sahm hat sich seit vielen Jahren in h\u00f6chstem Ma\u00dfe verdient gemacht","og_url":"https:\/\/www.stenografenbund.de\/?p=3080","og_site_name":"Deutscher Stenografenbund E. V.","article_published_time":"2024-11-21T06:55:07+00:00","article_modified_time":"2024-11-21T07:45:45+00:00","og_image":[{"width":2560,"height":1442,"url":"https:\/\/www.stenografenbund.de\/wp-content\/uploads\/2024\/11\/269A7081-scaled-e1732172268861.jpg","type":"image\/jpeg"}],"author":"bb","twitter_card":"summary_large_image","twitter_misc":{"Verfasst von":"bb","Gesch\u00e4tzte Lesezeit":"5\u00a0Minuten"},"schema":{"@context":"https:\/\/schema.org","@graph":[{"@type":"Article","@id":"https:\/\/www.stenografenbund.de\/?p=3080#article","isPartOf":{"@id":"https:\/\/www.stenografenbund.de\/?p=3080"},"author":{"name":"bb","@id":"https:\/\/www.stenografenbund.de\/#\/schema\/person\/4b5939b77c884edd85b3701778e03eb9"},"headline":"Horst Erich Sahm erh\u00e4lt die Goldene Ehrenplakette des Deutschen Stenografenbundes E. V.","datePublished":"2024-11-21T06:55:07+00:00","dateModified":"2024-11-21T07:45:45+00:00","mainEntityOfPage":{"@id":"https:\/\/www.stenografenbund.de\/?p=3080"},"wordCount":737,"publisher":{"@id":"https:\/\/www.stenografenbund.de\/#organization"},"image":{"@id":"https:\/\/www.stenografenbund.de\/?p=3080#primaryimage"},"thumbnailUrl":"https:\/\/www.stenografenbund.de\/wp-content\/uploads\/2024\/11\/269A7081-scaled-e1732172268861.jpg","keywords":["Deutsche Meisterschaften","Deutscher Stenografenbund","DSTB","Ehrenplakette","Horst Erich Sahm"],"articleSection":["Aktuelles","Ehrungen"],"inLanguage":"de"},{"@type":"WebPage","@id":"https:\/\/www.stenografenbund.de\/?p=3080","url":"https:\/\/www.stenografenbund.de\/?p=3080","name":"Horst Erich Sahm erh\u00e4lt die Goldene Ehrenplakette des Deutschen Stenografenbundes E. V. - Deutscher Stenografenbund E. V.","isPartOf":{"@id":"https:\/\/www.stenografenbund.de\/#website"},"primaryImageOfPage":{"@id":"https:\/\/www.stenografenbund.de\/?p=3080#primaryimage"},"image":{"@id":"https:\/\/www.stenografenbund.de\/?p=3080#primaryimage"},"thumbnailUrl":"https:\/\/www.stenografenbund.de\/wp-content\/uploads\/2024\/11\/269A7081-scaled-e1732172268861.jpg","datePublished":"2024-11-21T06:55:07+00:00","dateModified":"2024-11-21T07:45:45+00:00","breadcrumb":{"@id":"https:\/\/www.stenografenbund.de\/?p=3080#breadcrumb"},"inLanguage":"de","potentialAction":[{"@type":"ReadAction","target":["https:\/\/www.stenografenbund.de\/?p=3080"]}]},{"@type":"ImageObject","inLanguage":"de","@id":"https:\/\/www.stenografenbund.de\/?p=3080#primaryimage","url":"https:\/\/www.stenografenbund.de\/wp-content\/uploads\/2024\/11\/269A7081-scaled-e1732172268861.jpg","contentUrl":"https:\/\/www.stenografenbund.de\/wp-content\/uploads\/2024\/11\/269A7081-scaled-e1732172268861.jpg","width":2560,"height":1442},{"@type":"BreadcrumbList","@id":"https:\/\/www.stenografenbund.de\/?p=3080#breadcrumb","itemListElement":[{"@type":"ListItem","position":1,"name":"Startseite","item":"https:\/\/www.stenografenbund.de\/"},{"@type":"ListItem","position":2,"name":"Horst Erich Sahm erh\u00e4lt die Goldene Ehrenplakette des Deutschen Stenografenbundes E. V."}]},{"@type":"WebSite","@id":"https:\/\/www.stenografenbund.de\/#website","url":"https:\/\/www.stenografenbund.de\/","name":"Deutscher Stenografenbund E. V.","description":"Bundesverband f\u00fcr Informationsverarbeitung, Textverarbeitung und Stenografie","publisher":{"@id":"https:\/\/www.stenografenbund.de\/#organization"},"potentialAction":[{"@type":"SearchAction","target":{"@type":"EntryPoint","urlTemplate":"https:\/\/www.stenografenbund.de\/?s={search_term_string}"},"query-input":{"@type":"PropertyValueSpecification","valueRequired":true,"valueName":"search_term_string"}}],"inLanguage":"de"},{"@type":"Organization","@id":"https:\/\/www.stenografenbund.de\/#organization","name":"Deutscher Stenografenbund E. V.","url":"https:\/\/www.stenografenbund.de\/","logo":{"@type":"ImageObject","inLanguage":"de","@id":"https:\/\/www.stenografenbund.de\/#\/schema\/logo\/image\/","url":"https:\/\/www.stenografenbund.de\/wp-content\/uploads\/2019\/02\/cropped-DStB_Logo_NEU_2.png","contentUrl":"https:\/\/www.stenografenbund.de\/wp-content\/uploads\/2019\/02\/cropped-DStB_Logo_NEU_2.png","width":499,"height":91,"caption":"Deutscher Stenografenbund E. V."},"image":{"@id":"https:\/\/www.stenografenbund.de\/#\/schema\/logo\/image\/"}},{"@type":"Person","@id":"https:\/\/www.stenografenbund.de\/#\/schema\/person\/4b5939b77c884edd85b3701778e03eb9","name":"bb","image":{"@type":"ImageObject","inLanguage":"de","@id":"https:\/\/secure.gravatar.com\/avatar\/82220f05a55ca98e6b9d53294cc477df373e799447256ce720d977a6ebe1b6ae?s=96&d=mm&r=g","url":"https:\/\/secure.gravatar.com\/avatar\/82220f05a55ca98e6b9d53294cc477df373e799447256ce720d977a6ebe1b6ae?s=96&d=mm&r=g","contentUrl":"https:\/\/secure.gravatar.com\/avatar\/82220f05a55ca98e6b9d53294cc477df373e799447256ce720d977a6ebe1b6ae?s=96&d=mm&r=g","caption":"bb"},"url":"https:\/\/www.stenografenbund.de\/?author=1"}]}},"_links":{"self":[{"href":"https:\/\/www.stenografenbund.de\/index.php?rest_route=\/wp\/v2\/posts\/3080","targetHints":{"allow":["GET"]}}],"collection":[{"href":"https:\/\/www.stenografenbund.de\/index.php?rest_route=\/wp\/v2\/posts"}],"about":[{"href":"https:\/\/www.stenografenbund.de\/index.php?rest_route=\/wp\/v2\/types\/post"}],"author":[{"embeddable":true,"href":"https:\/\/www.stenografenbund.de\/index.php?rest_route=\/wp\/v2\/users\/1"}],"replies":[{"embeddable":true,"href":"https:\/\/www.stenografenbund.de\/index.php?rest_route=%2Fwp%2Fv2%2Fcomments&post=3080"}],"version-history":[{"count":2,"href":"https:\/\/www.stenografenbund.de\/index.php?rest_route=\/wp\/v2\/posts\/3080\/revisions"}],"predecessor-version":[{"id":3085,"href":"https:\/\/www.stenografenbund.de\/index.php?rest_route=\/wp\/v2\/posts\/3080\/revisions\/3085"}],"wp:featuredmedia":[{"embeddable":true,"href":"https:\/\/www.stenografenbund.de\/index.php?rest_route=\/wp\/v2\/media\/3083"}],"wp:attachment":[{"href":"https:\/\/www.stenografenbund.de\/index.php?rest_route=%2Fwp%2Fv2%2Fmedia&parent=3080"}],"wp:term":[{"taxonomy":"category","embeddable":true,"href":"https:\/\/www.stenografenbund.de\/index.php?rest_route=%2Fwp%2Fv2%2Fcategories&post=3080"},{"taxonomy":"post_tag","embeddable":true,"href":"https:\/\/www.stenografenbund.de\/index.php?rest_route=%2Fwp%2Fv2%2Ftags&post=3080"}],"curies":[{"name":"wp","href":"https:\/\/api.w.org\/{rel}","templated":true}]}}