{"id":3017,"date":"2024-09-05T12:20:28","date_gmt":"2024-09-05T10:20:28","guid":{"rendered":"https:\/\/www.stenografenbund.de\/?p=3017"},"modified":"2024-09-12T15:24:12","modified_gmt":"2024-09-12T13:24:12","slug":"bundesgeschaeftsstelle-ist-umgezogen","status":"publish","type":"post","link":"https:\/\/www.stenografenbund.de\/?p=3017","title":{"rendered":"Bundesgesch\u00e4ftsstelle ist umgezogen"},"content":{"rendered":"\n<p>Der Verband f\u00fcr Informationsverarbeitung NRW e. V. hat langfristig neue R\u00e4ume angemietet. In der Gesch\u00e4ftsstelle sind nun der Deutsche Stenografenbund E. V., die BJCKM, der VfI NRW e. V., die Weiterbildungseinrichtungen des Verbandes WfI NRW, AKADEMIE Essener Seminare und Steno64 sowie das Bildungszentrum des Verbandes, die Tremonia Akademie (nicht zu verwechseln mit dem Mitgliedsverein Tremonia Akademie e. V.) untergebracht.<\/p>\n\n\n\n<p><strong>Die neue Anschrift f\u00fcr den Stenografenbund lautet:<\/strong><br>Deutscher Stenografenbund E. V.<br>Gesch\u00e4ftsstelle<br>Hildebrandstra\u00dfe 11<br>44319 Dortmund<br>0231 13767976<br><a href=\"mailto:mail@stenografenbund.de\">mail@stenografenbund.de<\/a><br><a href=\"http:\/\/www.stenografenbund.de\">www.stenografenbund.de<\/a><\/p>\n","protected":false},"excerpt":{"rendered":"<p>Der Verband f\u00fcr Informationsverarbeitung NRW e. V. hat langfristig neue R\u00e4ume angemietet. In der Gesch\u00e4ftsstelle sind nun der Deutsche Stenografenbund E. V., die BJCKM, der VfI NRW e. V., die Weiterbildungseinrichtungen des Verbandes WfI NRW,<\/p>\n","protected":false},"author":1,"featured_media":3018,"comment_status":"closed","ping_status":"closed","sticky":false,"template":"","format":"standard","meta":{"ngg_post_thumbnail":0,"footnotes":""},"categories":[10],"tags":[5],"class_list":["post-3017","post","type-post","status-publish","format-standard","has-post-thumbnail","hentry","category-aktuelles","tag-dstb"],"yoast_head":"<!-- This site is optimized with the Yoast SEO plugin v27.2 - https:\/\/yoast.com\/product\/yoast-seo-wordpress\/ -->\n<title>Bundesgesch\u00e4ftsstelle ist umgezogen - Deutscher Stenografenbund E. V.<\/title>\n<meta name=\"robots\" content=\"index, follow, max-snippet:-1, max-image-preview:large, max-video-preview:-1\" \/>\n<link rel=\"canonical\" href=\"https:\/\/www.stenografenbund.de\/?p=3017\" \/>\n<meta property=\"og:locale\" content=\"de_DE\" \/>\n<meta property=\"og:type\" content=\"article\" \/>\n<meta property=\"og:title\" content=\"Bundesgesch\u00e4ftsstelle ist umgezogen - Deutscher Stenografenbund E. V.\" \/>\n<meta property=\"og:description\" content=\"Der Verband f\u00fcr Informationsverarbeitung NRW e. V. hat langfristig neue R\u00e4ume angemietet. In der Gesch\u00e4ftsstelle sind nun der Deutsche Stenografenbund E. V., die BJCKM, der VfI NRW e. V., die Weiterbildungseinrichtungen des Verbandes WfI NRW,\" \/>\n<meta property=\"og:url\" content=\"https:\/\/www.stenografenbund.de\/?p=3017\" \/>\n<meta property=\"og:site_name\" content=\"Deutscher Stenografenbund E. V.\" \/>\n<meta property=\"article:published_time\" content=\"2024-09-05T10:20:28+00:00\" \/>\n<meta property=\"article:modified_time\" content=\"2024-09-12T13:24:12+00:00\" \/>\n<meta property=\"og:image\" content=\"https:\/\/www.stenografenbund.de\/wp-content\/uploads\/2024\/09\/20240427_071137-scaled-e1725531613457.jpg\" \/>\n\t<meta property=\"og:image:width\" content=\"2560\" \/>\n\t<meta property=\"og:image:height\" content=\"1442\" \/>\n\t<meta property=\"og:image:type\" content=\"image\/jpeg\" \/>\n<meta name=\"author\" content=\"bb\" \/>\n<meta name=\"twitter:card\" content=\"summary_large_image\" \/>\n<meta name=\"twitter:label1\" content=\"Verfasst von\" \/>\n\t<meta name=\"twitter:data1\" content=\"bb\" \/>\n\t<meta name=\"twitter:label2\" content=\"Gesch\u00e4tzte Lesezeit\" \/>\n\t<meta name=\"twitter:data2\" content=\"1\u00a0Minute\" \/>\n<script type=\"application\/ld+json\" class=\"yoast-schema-graph\">{\"@context\":\"https:\/\/schema.org\",\"@graph\":[{\"@type\":\"Article\",\"@id\":\"https:\/\/www.stenografenbund.de\/?p=3017#article\",\"isPartOf\":{\"@id\":\"https:\/\/www.stenografenbund.de\/?p=3017\"},\"author\":{\"name\":\"bb\",\"@id\":\"https:\/\/www.stenografenbund.de\/#\/schema\/person\/4b5939b77c884edd85b3701778e03eb9\"},\"headline\":\"Bundesgesch\u00e4ftsstelle ist umgezogen\",\"datePublished\":\"2024-09-05T10:20:28+00:00\",\"dateModified\":\"2024-09-12T13:24:12+00:00\",\"mainEntityOfPage\":{\"@id\":\"https:\/\/www.stenografenbund.de\/?p=3017\"},\"wordCount\":88,\"publisher\":{\"@id\":\"https:\/\/www.stenografenbund.de\/#organization\"},\"image\":{\"@id\":\"https:\/\/www.stenografenbund.de\/?p=3017#primaryimage\"},\"thumbnailUrl\":\"https:\/\/www.stenografenbund.de\/wp-content\/uploads\/2024\/09\/20240427_071137-scaled-e1725531613457.jpg\",\"keywords\":[\"DSTB\"],\"articleSection\":[\"Aktuelles\"],\"inLanguage\":\"de\"},{\"@type\":\"WebPage\",\"@id\":\"https:\/\/www.stenografenbund.de\/?p=3017\",\"url\":\"https:\/\/www.stenografenbund.de\/?p=3017\",\"name\":\"Bundesgesch\u00e4ftsstelle ist umgezogen - Deutscher Stenografenbund E. V.\",\"isPartOf\":{\"@id\":\"https:\/\/www.stenografenbund.de\/#website\"},\"primaryImageOfPage\":{\"@id\":\"https:\/\/www.stenografenbund.de\/?p=3017#primaryimage\"},\"image\":{\"@id\":\"https:\/\/www.stenografenbund.de\/?p=3017#primaryimage\"},\"thumbnailUrl\":\"https:\/\/www.stenografenbund.de\/wp-content\/uploads\/2024\/09\/20240427_071137-scaled-e1725531613457.jpg\",\"datePublished\":\"2024-09-05T10:20:28+00:00\",\"dateModified\":\"2024-09-12T13:24:12+00:00\",\"breadcrumb\":{\"@id\":\"https:\/\/www.stenografenbund.de\/?p=3017#breadcrumb\"},\"inLanguage\":\"de\",\"potentialAction\":[{\"@type\":\"ReadAction\",\"target\":[\"https:\/\/www.stenografenbund.de\/?p=3017\"]}]},{\"@type\":\"ImageObject\",\"inLanguage\":\"de\",\"@id\":\"https:\/\/www.stenografenbund.de\/?p=3017#primaryimage\",\"url\":\"https:\/\/www.stenografenbund.de\/wp-content\/uploads\/2024\/09\/20240427_071137-scaled-e1725531613457.jpg\",\"contentUrl\":\"https:\/\/www.stenografenbund.de\/wp-content\/uploads\/2024\/09\/20240427_071137-scaled-e1725531613457.jpg\",\"width\":2560,\"height\":1442,\"caption\":\"Gesch\u00e4ftsstelle Deutscher Stenografenbund in Dortmund\"},{\"@type\":\"BreadcrumbList\",\"@id\":\"https:\/\/www.stenografenbund.de\/?p=3017#breadcrumb\",\"itemListElement\":[{\"@type\":\"ListItem\",\"position\":1,\"name\":\"Startseite\",\"item\":\"https:\/\/www.stenografenbund.de\/\"},{\"@type\":\"ListItem\",\"position\":2,\"name\":\"Bundesgesch\u00e4ftsstelle ist umgezogen\"}]},{\"@type\":\"WebSite\",\"@id\":\"https:\/\/www.stenografenbund.de\/#website\",\"url\":\"https:\/\/www.stenografenbund.de\/\",\"name\":\"Deutscher Stenografenbund E. V.\",\"description\":\"Bundesverband f\u00fcr Informationsverarbeitung, Textverarbeitung und Stenografie\",\"publisher\":{\"@id\":\"https:\/\/www.stenografenbund.de\/#organization\"},\"potentialAction\":[{\"@type\":\"SearchAction\",\"target\":{\"@type\":\"EntryPoint\",\"urlTemplate\":\"https:\/\/www.stenografenbund.de\/?s={search_term_string}\"},\"query-input\":{\"@type\":\"PropertyValueSpecification\",\"valueRequired\":true,\"valueName\":\"search_term_string\"}}],\"inLanguage\":\"de\"},{\"@type\":\"Organization\",\"@id\":\"https:\/\/www.stenografenbund.de\/#organization\",\"name\":\"Deutscher Stenografenbund E. V.\",\"url\":\"https:\/\/www.stenografenbund.de\/\",\"logo\":{\"@type\":\"ImageObject\",\"inLanguage\":\"de\",\"@id\":\"https:\/\/www.stenografenbund.de\/#\/schema\/logo\/image\/\",\"url\":\"https:\/\/www.stenografenbund.de\/wp-content\/uploads\/2019\/02\/cropped-DStB_Logo_NEU_2.png\",\"contentUrl\":\"https:\/\/www.stenografenbund.de\/wp-content\/uploads\/2019\/02\/cropped-DStB_Logo_NEU_2.png\",\"width\":499,\"height\":91,\"caption\":\"Deutscher Stenografenbund E. V.\"},\"image\":{\"@id\":\"https:\/\/www.stenografenbund.de\/#\/schema\/logo\/image\/\"}},{\"@type\":\"Person\",\"@id\":\"https:\/\/www.stenografenbund.de\/#\/schema\/person\/4b5939b77c884edd85b3701778e03eb9\",\"name\":\"bb\",\"image\":{\"@type\":\"ImageObject\",\"inLanguage\":\"de\",\"@id\":\"https:\/\/secure.gravatar.com\/avatar\/82220f05a55ca98e6b9d53294cc477df373e799447256ce720d977a6ebe1b6ae?s=96&d=mm&r=g\",\"url\":\"https:\/\/secure.gravatar.com\/avatar\/82220f05a55ca98e6b9d53294cc477df373e799447256ce720d977a6ebe1b6ae?s=96&d=mm&r=g\",\"contentUrl\":\"https:\/\/secure.gravatar.com\/avatar\/82220f05a55ca98e6b9d53294cc477df373e799447256ce720d977a6ebe1b6ae?s=96&d=mm&r=g\",\"caption\":\"bb\"},\"url\":\"https:\/\/www.stenografenbund.de\/?author=1\"}]}<\/script>\n<!-- \/ Yoast SEO plugin. -->","yoast_head_json":{"title":"Bundesgesch\u00e4ftsstelle ist umgezogen - Deutscher Stenografenbund E. V.","robots":{"index":"index","follow":"follow","max-snippet":"max-snippet:-1","max-image-preview":"max-image-preview:large","max-video-preview":"max-video-preview:-1"},"canonical":"https:\/\/www.stenografenbund.de\/?p=3017","og_locale":"de_DE","og_type":"article","og_title":"Bundesgesch\u00e4ftsstelle ist umgezogen - Deutscher Stenografenbund E. V.","og_description":"Der Verband f\u00fcr Informationsverarbeitung NRW e. V. hat langfristig neue R\u00e4ume angemietet. In der Gesch\u00e4ftsstelle sind nun der Deutsche Stenografenbund E. V., die BJCKM, der VfI NRW e. V., die Weiterbildungseinrichtungen des Verbandes WfI NRW,","og_url":"https:\/\/www.stenografenbund.de\/?p=3017","og_site_name":"Deutscher Stenografenbund E. V.","article_published_time":"2024-09-05T10:20:28+00:00","article_modified_time":"2024-09-12T13:24:12+00:00","og_image":[{"width":2560,"height":1442,"url":"https:\/\/www.stenografenbund.de\/wp-content\/uploads\/2024\/09\/20240427_071137-scaled-e1725531613457.jpg","type":"image\/jpeg"}],"author":"bb","twitter_card":"summary_large_image","twitter_misc":{"Verfasst von":"bb","Gesch\u00e4tzte Lesezeit":"1\u00a0Minute"},"schema":{"@context":"https:\/\/schema.org","@graph":[{"@type":"Article","@id":"https:\/\/www.stenografenbund.de\/?p=3017#article","isPartOf":{"@id":"https:\/\/www.stenografenbund.de\/?p=3017"},"author":{"name":"bb","@id":"https:\/\/www.stenografenbund.de\/#\/schema\/person\/4b5939b77c884edd85b3701778e03eb9"},"headline":"Bundesgesch\u00e4ftsstelle ist umgezogen","datePublished":"2024-09-05T10:20:28+00:00","dateModified":"2024-09-12T13:24:12+00:00","mainEntityOfPage":{"@id":"https:\/\/www.stenografenbund.de\/?p=3017"},"wordCount":88,"publisher":{"@id":"https:\/\/www.stenografenbund.de\/#organization"},"image":{"@id":"https:\/\/www.stenografenbund.de\/?p=3017#primaryimage"},"thumbnailUrl":"https:\/\/www.stenografenbund.de\/wp-content\/uploads\/2024\/09\/20240427_071137-scaled-e1725531613457.jpg","keywords":["DSTB"],"articleSection":["Aktuelles"],"inLanguage":"de"},{"@type":"WebPage","@id":"https:\/\/www.stenografenbund.de\/?p=3017","url":"https:\/\/www.stenografenbund.de\/?p=3017","name":"Bundesgesch\u00e4ftsstelle ist umgezogen - Deutscher Stenografenbund E. V.","isPartOf":{"@id":"https:\/\/www.stenografenbund.de\/#website"},"primaryImageOfPage":{"@id":"https:\/\/www.stenografenbund.de\/?p=3017#primaryimage"},"image":{"@id":"https:\/\/www.stenografenbund.de\/?p=3017#primaryimage"},"thumbnailUrl":"https:\/\/www.stenografenbund.de\/wp-content\/uploads\/2024\/09\/20240427_071137-scaled-e1725531613457.jpg","datePublished":"2024-09-05T10:20:28+00:00","dateModified":"2024-09-12T13:24:12+00:00","breadcrumb":{"@id":"https:\/\/www.stenografenbund.de\/?p=3017#breadcrumb"},"inLanguage":"de","potentialAction":[{"@type":"ReadAction","target":["https:\/\/www.stenografenbund.de\/?p=3017"]}]},{"@type":"ImageObject","inLanguage":"de","@id":"https:\/\/www.stenografenbund.de\/?p=3017#primaryimage","url":"https:\/\/www.stenografenbund.de\/wp-content\/uploads\/2024\/09\/20240427_071137-scaled-e1725531613457.jpg","contentUrl":"https:\/\/www.stenografenbund.de\/wp-content\/uploads\/2024\/09\/20240427_071137-scaled-e1725531613457.jpg","width":2560,"height":1442,"caption":"Gesch\u00e4ftsstelle Deutscher Stenografenbund in Dortmund"},{"@type":"BreadcrumbList","@id":"https:\/\/www.stenografenbund.de\/?p=3017#breadcrumb","itemListElement":[{"@type":"ListItem","position":1,"name":"Startseite","item":"https:\/\/www.stenografenbund.de\/"},{"@type":"ListItem","position":2,"name":"Bundesgesch\u00e4ftsstelle ist umgezogen"}]},{"@type":"WebSite","@id":"https:\/\/www.stenografenbund.de\/#website","url":"https:\/\/www.stenografenbund.de\/","name":"Deutscher Stenografenbund E. V.","description":"Bundesverband f\u00fcr Informationsverarbeitung, Textverarbeitung und Stenografie","publisher":{"@id":"https:\/\/www.stenografenbund.de\/#organization"},"potentialAction":[{"@type":"SearchAction","target":{"@type":"EntryPoint","urlTemplate":"https:\/\/www.stenografenbund.de\/?s={search_term_string}"},"query-input":{"@type":"PropertyValueSpecification","valueRequired":true,"valueName":"search_term_string"}}],"inLanguage":"de"},{"@type":"Organization","@id":"https:\/\/www.stenografenbund.de\/#organization","name":"Deutscher Stenografenbund E. V.","url":"https:\/\/www.stenografenbund.de\/","logo":{"@type":"ImageObject","inLanguage":"de","@id":"https:\/\/www.stenografenbund.de\/#\/schema\/logo\/image\/","url":"https:\/\/www.stenografenbund.de\/wp-content\/uploads\/2019\/02\/cropped-DStB_Logo_NEU_2.png","contentUrl":"https:\/\/www.stenografenbund.de\/wp-content\/uploads\/2019\/02\/cropped-DStB_Logo_NEU_2.png","width":499,"height":91,"caption":"Deutscher Stenografenbund E. V."},"image":{"@id":"https:\/\/www.stenografenbund.de\/#\/schema\/logo\/image\/"}},{"@type":"Person","@id":"https:\/\/www.stenografenbund.de\/#\/schema\/person\/4b5939b77c884edd85b3701778e03eb9","name":"bb","image":{"@type":"ImageObject","inLanguage":"de","@id":"https:\/\/secure.gravatar.com\/avatar\/82220f05a55ca98e6b9d53294cc477df373e799447256ce720d977a6ebe1b6ae?s=96&d=mm&r=g","url":"https:\/\/secure.gravatar.com\/avatar\/82220f05a55ca98e6b9d53294cc477df373e799447256ce720d977a6ebe1b6ae?s=96&d=mm&r=g","contentUrl":"https:\/\/secure.gravatar.com\/avatar\/82220f05a55ca98e6b9d53294cc477df373e799447256ce720d977a6ebe1b6ae?s=96&d=mm&r=g","caption":"bb"},"url":"https:\/\/www.stenografenbund.de\/?author=1"}]}},"_links":{"self":[{"href":"https:\/\/www.stenografenbund.de\/index.php?rest_route=\/wp\/v2\/posts\/3017","targetHints":{"allow":["GET"]}}],"collection":[{"href":"https:\/\/www.stenografenbund.de\/index.php?rest_route=\/wp\/v2\/posts"}],"about":[{"href":"https:\/\/www.stenografenbund.de\/index.php?rest_route=\/wp\/v2\/types\/post"}],"author":[{"embeddable":true,"href":"https:\/\/www.stenografenbund.de\/index.php?rest_route=\/wp\/v2\/users\/1"}],"replies":[{"embeddable":true,"href":"https:\/\/www.stenografenbund.de\/index.php?rest_route=%2Fwp%2Fv2%2Fcomments&post=3017"}],"version-history":[{"count":2,"href":"https:\/\/www.stenografenbund.de\/index.php?rest_route=\/wp\/v2\/posts\/3017\/revisions"}],"predecessor-version":[{"id":3031,"href":"https:\/\/www.stenografenbund.de\/index.php?rest_route=\/wp\/v2\/posts\/3017\/revisions\/3031"}],"wp:featuredmedia":[{"embeddable":true,"href":"https:\/\/www.stenografenbund.de\/index.php?rest_route=\/wp\/v2\/media\/3018"}],"wp:attachment":[{"href":"https:\/\/www.stenografenbund.de\/index.php?rest_route=%2Fwp%2Fv2%2Fmedia&parent=3017"}],"wp:term":[{"taxonomy":"category","embeddable":true,"href":"https:\/\/www.stenografenbund.de\/index.php?rest_route=%2Fwp%2Fv2%2Fcategories&post=3017"},{"taxonomy":"post_tag","embeddable":true,"href":"https:\/\/www.stenografenbund.de\/index.php?rest_route=%2Fwp%2Fv2%2Ftags&post=3017"}],"curies":[{"name":"wp","href":"https:\/\/api.w.org\/{rel}","templated":true}]}}