{"id":2542,"date":"2020-03-15T15:27:52","date_gmt":"2020-03-15T14:27:52","guid":{"rendered":"https:\/\/www.stenografenbund.de\/?p=2542"},"modified":"2020-03-15T15:27:53","modified_gmt":"2020-03-15T14:27:53","slug":"abgesagt-dm-und-mitgliederversammlung","status":"publish","type":"post","link":"https:\/\/www.stenografenbund.de\/?p=2542","title":{"rendered":"ABGESAGT: DM und Mitgliederversammlung"},"content":{"rendered":"\n<p>Liebe\/r\nSchriftfreund\/in,<\/p>\n\n\n\n<p>in\ndiesen Zeiten \u00fcberschlagen sich die Ereignisse. Entscheidungen, die vor wenigen\nStunden getroffen wurden, sind \u00fcberholt. So hat sich auch die von uns erfolgte\nAbfrage an die Verbandsvorsitzenden \u00fcberholt. Das Pr\u00e4sidium des DStB hat sich\nheute aufgrund der aktuellen Pandemie-Situation schweren Herzens dazu\nentschlossen, die bevorstehenden Veranstaltungen des DStB abzusagen.<\/p>\n\n\n\n<p><strong>Deutsche Meisterschaften 2020 in Worms \u2013 Absage<\/strong><\/p>\n\n\n\n<p>Die\nDeutschen Meisterschaften werden in diesem Jahr nicht stattfinden. Wir werden\nuns bem\u00fchen, den Veranstaltungsort Worms in unsere Planung in 2 \u2013 3 Jahren\neinzubeziehen. Wir hoffen, wir k\u00f6nnen die guten Kontakte und Bedingungen daf\u00fcr\nnutzen.<\/p>\n\n\n\n<p><strong>Mitgliederversammlung am 19. April 2020 in Straubing \u2013 Absage<\/strong><\/p>\n\n\n\n<p>Auch\ndie geplante Mitgliederversammlung und Gesamtvorstandssitzung werden zu diesem\nZeitpunkt nicht stattfinden. \u00dcber einen anderen Termin werden wir im Pr\u00e4sidium\nberaten. Zurzeit ist nicht absehbar, wann eine Versammlung ohne gesundheitliche\nBedenken f\u00fcr alle Beteiligten durchgef\u00fchrt werden kann.<\/p>\n\n\n\n<p>Diese Informationen m\u00fcssen so schnell wie m\u00f6glich alle Mitglieder und Freunde unserer Organisation erreichen. Bitte helfen Sie dabei. Informieren Sie auch Freunde und Bekannte, f\u00fcr die diese Absagen wichtig sind. Vielen Dank! Bitte bedenken Sie, vorgenommene Reservierungen ggf. zu stornieren. <\/p>\n\n\n\n<p>Wir w\u00fcnschen allen unseren Mitgliedern alles Gute. Bleiben Sie gesund! <\/p>\n\n\n\n<p>Regina Hoffmann<br>Pr\u00e4sidentin Deutscher Stenografenbund E. V.<\/p>\n","protected":false},"excerpt":{"rendered":"<p>Liebe\/r Schriftfreund\/in, in diesen Zeiten \u00fcberschlagen sich die Ereignisse. Entscheidungen, die vor wenigen Stunden getroffen wurden, sind \u00fcberholt. So hat sich auch die von uns erfolgte Abfrage an die Verbandsvorsitzenden \u00fcberholt. Das Pr\u00e4sidium des DStB<\/p>\n","protected":false},"author":1,"featured_media":2543,"comment_status":"closed","ping_status":"closed","sticky":false,"template":"","format":"standard","meta":{"ngg_post_thumbnail":0,"footnotes":""},"categories":[10],"tags":[],"class_list":["post-2542","post","type-post","status-publish","format-standard","has-post-thumbnail","hentry","category-aktuelles"],"yoast_head":"<!-- This site is optimized with the Yoast SEO plugin v27.2 - https:\/\/yoast.com\/product\/yoast-seo-wordpress\/ -->\n<title>ABGESAGT: DM und Mitgliederversammlung - Deutscher Stenografenbund E. V.<\/title>\n<meta name=\"robots\" content=\"index, follow, max-snippet:-1, max-image-preview:large, max-video-preview:-1\" \/>\n<link rel=\"canonical\" href=\"https:\/\/www.stenografenbund.de\/?p=2542\" \/>\n<meta property=\"og:locale\" content=\"de_DE\" \/>\n<meta property=\"og:type\" content=\"article\" \/>\n<meta property=\"og:title\" content=\"ABGESAGT: DM und Mitgliederversammlung - Deutscher Stenografenbund E. V.\" \/>\n<meta property=\"og:description\" content=\"Liebe\/r Schriftfreund\/in, in diesen Zeiten \u00fcberschlagen sich die Ereignisse. Entscheidungen, die vor wenigen Stunden getroffen wurden, sind \u00fcberholt. So hat sich auch die von uns erfolgte Abfrage an die Verbandsvorsitzenden \u00fcberholt. Das Pr\u00e4sidium des DStB\" \/>\n<meta property=\"og:url\" content=\"https:\/\/www.stenografenbund.de\/?p=2542\" \/>\n<meta property=\"og:site_name\" content=\"Deutscher Stenografenbund E. V.\" \/>\n<meta property=\"article:published_time\" content=\"2020-03-15T14:27:52+00:00\" \/>\n<meta property=\"article:modified_time\" content=\"2020-03-15T14:27:53+00:00\" \/>\n<meta property=\"og:image\" content=\"https:\/\/www.stenografenbund.de\/wp-content\/uploads\/2020\/03\/2020_DM_Worms_Absage.png\" \/>\n\t<meta property=\"og:image:width\" content=\"394\" \/>\n\t<meta property=\"og:image:height\" content=\"460\" \/>\n\t<meta property=\"og:image:type\" content=\"image\/png\" \/>\n<meta name=\"author\" content=\"bb\" \/>\n<meta name=\"twitter:card\" content=\"summary_large_image\" \/>\n<meta name=\"twitter:label1\" content=\"Verfasst von\" \/>\n\t<meta name=\"twitter:data1\" content=\"bb\" \/>\n\t<meta name=\"twitter:label2\" content=\"Gesch\u00e4tzte Lesezeit\" \/>\n\t<meta name=\"twitter:data2\" content=\"1\u00a0Minute\" \/>\n<script type=\"application\/ld+json\" class=\"yoast-schema-graph\">{\"@context\":\"https:\/\/schema.org\",\"@graph\":[{\"@type\":\"Article\",\"@id\":\"https:\/\/www.stenografenbund.de\/?p=2542#article\",\"isPartOf\":{\"@id\":\"https:\/\/www.stenografenbund.de\/?p=2542\"},\"author\":{\"name\":\"bb\",\"@id\":\"https:\/\/www.stenografenbund.de\/#\/schema\/person\/4b5939b77c884edd85b3701778e03eb9\"},\"headline\":\"ABGESAGT: DM und Mitgliederversammlung\",\"datePublished\":\"2020-03-15T14:27:52+00:00\",\"dateModified\":\"2020-03-15T14:27:53+00:00\",\"mainEntityOfPage\":{\"@id\":\"https:\/\/www.stenografenbund.de\/?p=2542\"},\"wordCount\":207,\"publisher\":{\"@id\":\"https:\/\/www.stenografenbund.de\/#organization\"},\"image\":{\"@id\":\"https:\/\/www.stenografenbund.de\/?p=2542#primaryimage\"},\"thumbnailUrl\":\"https:\/\/www.stenografenbund.de\/wp-content\/uploads\/2020\/03\/2020_DM_Worms_Absage.png\",\"articleSection\":[\"Aktuelles\"],\"inLanguage\":\"de\"},{\"@type\":\"WebPage\",\"@id\":\"https:\/\/www.stenografenbund.de\/?p=2542\",\"url\":\"https:\/\/www.stenografenbund.de\/?p=2542\",\"name\":\"ABGESAGT: DM und Mitgliederversammlung - Deutscher Stenografenbund E. V.\",\"isPartOf\":{\"@id\":\"https:\/\/www.stenografenbund.de\/#website\"},\"primaryImageOfPage\":{\"@id\":\"https:\/\/www.stenografenbund.de\/?p=2542#primaryimage\"},\"image\":{\"@id\":\"https:\/\/www.stenografenbund.de\/?p=2542#primaryimage\"},\"thumbnailUrl\":\"https:\/\/www.stenografenbund.de\/wp-content\/uploads\/2020\/03\/2020_DM_Worms_Absage.png\",\"datePublished\":\"2020-03-15T14:27:52+00:00\",\"dateModified\":\"2020-03-15T14:27:53+00:00\",\"breadcrumb\":{\"@id\":\"https:\/\/www.stenografenbund.de\/?p=2542#breadcrumb\"},\"inLanguage\":\"de\",\"potentialAction\":[{\"@type\":\"ReadAction\",\"target\":[\"https:\/\/www.stenografenbund.de\/?p=2542\"]}]},{\"@type\":\"ImageObject\",\"inLanguage\":\"de\",\"@id\":\"https:\/\/www.stenografenbund.de\/?p=2542#primaryimage\",\"url\":\"https:\/\/www.stenografenbund.de\/wp-content\/uploads\/2020\/03\/2020_DM_Worms_Absage.png\",\"contentUrl\":\"https:\/\/www.stenografenbund.de\/wp-content\/uploads\/2020\/03\/2020_DM_Worms_Absage.png\",\"width\":394,\"height\":460},{\"@type\":\"BreadcrumbList\",\"@id\":\"https:\/\/www.stenografenbund.de\/?p=2542#breadcrumb\",\"itemListElement\":[{\"@type\":\"ListItem\",\"position\":1,\"name\":\"Startseite\",\"item\":\"https:\/\/www.stenografenbund.de\/\"},{\"@type\":\"ListItem\",\"position\":2,\"name\":\"ABGESAGT: DM und Mitgliederversammlung\"}]},{\"@type\":\"WebSite\",\"@id\":\"https:\/\/www.stenografenbund.de\/#website\",\"url\":\"https:\/\/www.stenografenbund.de\/\",\"name\":\"Deutscher Stenografenbund E. V.\",\"description\":\"Bundesverband f\u00fcr Informationsverarbeitung, Textverarbeitung und Stenografie\",\"publisher\":{\"@id\":\"https:\/\/www.stenografenbund.de\/#organization\"},\"potentialAction\":[{\"@type\":\"SearchAction\",\"target\":{\"@type\":\"EntryPoint\",\"urlTemplate\":\"https:\/\/www.stenografenbund.de\/?s={search_term_string}\"},\"query-input\":{\"@type\":\"PropertyValueSpecification\",\"valueRequired\":true,\"valueName\":\"search_term_string\"}}],\"inLanguage\":\"de\"},{\"@type\":\"Organization\",\"@id\":\"https:\/\/www.stenografenbund.de\/#organization\",\"name\":\"Deutscher Stenografenbund E. V.\",\"url\":\"https:\/\/www.stenografenbund.de\/\",\"logo\":{\"@type\":\"ImageObject\",\"inLanguage\":\"de\",\"@id\":\"https:\/\/www.stenografenbund.de\/#\/schema\/logo\/image\/\",\"url\":\"https:\/\/www.stenografenbund.de\/wp-content\/uploads\/2019\/02\/cropped-DStB_Logo_NEU_2.png\",\"contentUrl\":\"https:\/\/www.stenografenbund.de\/wp-content\/uploads\/2019\/02\/cropped-DStB_Logo_NEU_2.png\",\"width\":499,\"height\":91,\"caption\":\"Deutscher Stenografenbund E. V.\"},\"image\":{\"@id\":\"https:\/\/www.stenografenbund.de\/#\/schema\/logo\/image\/\"}},{\"@type\":\"Person\",\"@id\":\"https:\/\/www.stenografenbund.de\/#\/schema\/person\/4b5939b77c884edd85b3701778e03eb9\",\"name\":\"bb\",\"image\":{\"@type\":\"ImageObject\",\"inLanguage\":\"de\",\"@id\":\"https:\/\/secure.gravatar.com\/avatar\/82220f05a55ca98e6b9d53294cc477df373e799447256ce720d977a6ebe1b6ae?s=96&d=mm&r=g\",\"url\":\"https:\/\/secure.gravatar.com\/avatar\/82220f05a55ca98e6b9d53294cc477df373e799447256ce720d977a6ebe1b6ae?s=96&d=mm&r=g\",\"contentUrl\":\"https:\/\/secure.gravatar.com\/avatar\/82220f05a55ca98e6b9d53294cc477df373e799447256ce720d977a6ebe1b6ae?s=96&d=mm&r=g\",\"caption\":\"bb\"},\"url\":\"https:\/\/www.stenografenbund.de\/?author=1\"}]}<\/script>\n<!-- \/ Yoast SEO plugin. -->","yoast_head_json":{"title":"ABGESAGT: DM und Mitgliederversammlung - Deutscher Stenografenbund E. V.","robots":{"index":"index","follow":"follow","max-snippet":"max-snippet:-1","max-image-preview":"max-image-preview:large","max-video-preview":"max-video-preview:-1"},"canonical":"https:\/\/www.stenografenbund.de\/?p=2542","og_locale":"de_DE","og_type":"article","og_title":"ABGESAGT: DM und Mitgliederversammlung - Deutscher Stenografenbund E. V.","og_description":"Liebe\/r Schriftfreund\/in, in diesen Zeiten \u00fcberschlagen sich die Ereignisse. Entscheidungen, die vor wenigen Stunden getroffen wurden, sind \u00fcberholt. So hat sich auch die von uns erfolgte Abfrage an die Verbandsvorsitzenden \u00fcberholt. Das Pr\u00e4sidium des DStB","og_url":"https:\/\/www.stenografenbund.de\/?p=2542","og_site_name":"Deutscher Stenografenbund E. V.","article_published_time":"2020-03-15T14:27:52+00:00","article_modified_time":"2020-03-15T14:27:53+00:00","og_image":[{"width":394,"height":460,"url":"https:\/\/www.stenografenbund.de\/wp-content\/uploads\/2020\/03\/2020_DM_Worms_Absage.png","type":"image\/png"}],"author":"bb","twitter_card":"summary_large_image","twitter_misc":{"Verfasst von":"bb","Gesch\u00e4tzte Lesezeit":"1\u00a0Minute"},"schema":{"@context":"https:\/\/schema.org","@graph":[{"@type":"Article","@id":"https:\/\/www.stenografenbund.de\/?p=2542#article","isPartOf":{"@id":"https:\/\/www.stenografenbund.de\/?p=2542"},"author":{"name":"bb","@id":"https:\/\/www.stenografenbund.de\/#\/schema\/person\/4b5939b77c884edd85b3701778e03eb9"},"headline":"ABGESAGT: DM und Mitgliederversammlung","datePublished":"2020-03-15T14:27:52+00:00","dateModified":"2020-03-15T14:27:53+00:00","mainEntityOfPage":{"@id":"https:\/\/www.stenografenbund.de\/?p=2542"},"wordCount":207,"publisher":{"@id":"https:\/\/www.stenografenbund.de\/#organization"},"image":{"@id":"https:\/\/www.stenografenbund.de\/?p=2542#primaryimage"},"thumbnailUrl":"https:\/\/www.stenografenbund.de\/wp-content\/uploads\/2020\/03\/2020_DM_Worms_Absage.png","articleSection":["Aktuelles"],"inLanguage":"de"},{"@type":"WebPage","@id":"https:\/\/www.stenografenbund.de\/?p=2542","url":"https:\/\/www.stenografenbund.de\/?p=2542","name":"ABGESAGT: DM und Mitgliederversammlung - Deutscher Stenografenbund E. V.","isPartOf":{"@id":"https:\/\/www.stenografenbund.de\/#website"},"primaryImageOfPage":{"@id":"https:\/\/www.stenografenbund.de\/?p=2542#primaryimage"},"image":{"@id":"https:\/\/www.stenografenbund.de\/?p=2542#primaryimage"},"thumbnailUrl":"https:\/\/www.stenografenbund.de\/wp-content\/uploads\/2020\/03\/2020_DM_Worms_Absage.png","datePublished":"2020-03-15T14:27:52+00:00","dateModified":"2020-03-15T14:27:53+00:00","breadcrumb":{"@id":"https:\/\/www.stenografenbund.de\/?p=2542#breadcrumb"},"inLanguage":"de","potentialAction":[{"@type":"ReadAction","target":["https:\/\/www.stenografenbund.de\/?p=2542"]}]},{"@type":"ImageObject","inLanguage":"de","@id":"https:\/\/www.stenografenbund.de\/?p=2542#primaryimage","url":"https:\/\/www.stenografenbund.de\/wp-content\/uploads\/2020\/03\/2020_DM_Worms_Absage.png","contentUrl":"https:\/\/www.stenografenbund.de\/wp-content\/uploads\/2020\/03\/2020_DM_Worms_Absage.png","width":394,"height":460},{"@type":"BreadcrumbList","@id":"https:\/\/www.stenografenbund.de\/?p=2542#breadcrumb","itemListElement":[{"@type":"ListItem","position":1,"name":"Startseite","item":"https:\/\/www.stenografenbund.de\/"},{"@type":"ListItem","position":2,"name":"ABGESAGT: DM und Mitgliederversammlung"}]},{"@type":"WebSite","@id":"https:\/\/www.stenografenbund.de\/#website","url":"https:\/\/www.stenografenbund.de\/","name":"Deutscher Stenografenbund E. V.","description":"Bundesverband f\u00fcr Informationsverarbeitung, Textverarbeitung und Stenografie","publisher":{"@id":"https:\/\/www.stenografenbund.de\/#organization"},"potentialAction":[{"@type":"SearchAction","target":{"@type":"EntryPoint","urlTemplate":"https:\/\/www.stenografenbund.de\/?s={search_term_string}"},"query-input":{"@type":"PropertyValueSpecification","valueRequired":true,"valueName":"search_term_string"}}],"inLanguage":"de"},{"@type":"Organization","@id":"https:\/\/www.stenografenbund.de\/#organization","name":"Deutscher Stenografenbund E. V.","url":"https:\/\/www.stenografenbund.de\/","logo":{"@type":"ImageObject","inLanguage":"de","@id":"https:\/\/www.stenografenbund.de\/#\/schema\/logo\/image\/","url":"https:\/\/www.stenografenbund.de\/wp-content\/uploads\/2019\/02\/cropped-DStB_Logo_NEU_2.png","contentUrl":"https:\/\/www.stenografenbund.de\/wp-content\/uploads\/2019\/02\/cropped-DStB_Logo_NEU_2.png","width":499,"height":91,"caption":"Deutscher Stenografenbund E. V."},"image":{"@id":"https:\/\/www.stenografenbund.de\/#\/schema\/logo\/image\/"}},{"@type":"Person","@id":"https:\/\/www.stenografenbund.de\/#\/schema\/person\/4b5939b77c884edd85b3701778e03eb9","name":"bb","image":{"@type":"ImageObject","inLanguage":"de","@id":"https:\/\/secure.gravatar.com\/avatar\/82220f05a55ca98e6b9d53294cc477df373e799447256ce720d977a6ebe1b6ae?s=96&d=mm&r=g","url":"https:\/\/secure.gravatar.com\/avatar\/82220f05a55ca98e6b9d53294cc477df373e799447256ce720d977a6ebe1b6ae?s=96&d=mm&r=g","contentUrl":"https:\/\/secure.gravatar.com\/avatar\/82220f05a55ca98e6b9d53294cc477df373e799447256ce720d977a6ebe1b6ae?s=96&d=mm&r=g","caption":"bb"},"url":"https:\/\/www.stenografenbund.de\/?author=1"}]}},"_links":{"self":[{"href":"https:\/\/www.stenografenbund.de\/index.php?rest_route=\/wp\/v2\/posts\/2542","targetHints":{"allow":["GET"]}}],"collection":[{"href":"https:\/\/www.stenografenbund.de\/index.php?rest_route=\/wp\/v2\/posts"}],"about":[{"href":"https:\/\/www.stenografenbund.de\/index.php?rest_route=\/wp\/v2\/types\/post"}],"author":[{"embeddable":true,"href":"https:\/\/www.stenografenbund.de\/index.php?rest_route=\/wp\/v2\/users\/1"}],"replies":[{"embeddable":true,"href":"https:\/\/www.stenografenbund.de\/index.php?rest_route=%2Fwp%2Fv2%2Fcomments&post=2542"}],"version-history":[{"count":1,"href":"https:\/\/www.stenografenbund.de\/index.php?rest_route=\/wp\/v2\/posts\/2542\/revisions"}],"predecessor-version":[{"id":2544,"href":"https:\/\/www.stenografenbund.de\/index.php?rest_route=\/wp\/v2\/posts\/2542\/revisions\/2544"}],"wp:featuredmedia":[{"embeddable":true,"href":"https:\/\/www.stenografenbund.de\/index.php?rest_route=\/wp\/v2\/media\/2543"}],"wp:attachment":[{"href":"https:\/\/www.stenografenbund.de\/index.php?rest_route=%2Fwp%2Fv2%2Fmedia&parent=2542"}],"wp:term":[{"taxonomy":"category","embeddable":true,"href":"https:\/\/www.stenografenbund.de\/index.php?rest_route=%2Fwp%2Fv2%2Fcategories&post=2542"},{"taxonomy":"post_tag","embeddable":true,"href":"https:\/\/www.stenografenbund.de\/index.php?rest_route=%2Fwp%2Fv2%2Ftags&post=2542"}],"curies":[{"name":"wp","href":"https:\/\/api.w.org\/{rel}","templated":true}]}}