{"id":2316,"date":"2019-11-14T09:43:01","date_gmt":"2019-11-14T08:43:01","guid":{"rendered":"https:\/\/www.stenografenbund.de\/?p=2316"},"modified":"2019-11-14T09:44:49","modified_gmt":"2019-11-14T08:44:49","slug":"hannelore-schindelasch-erhaelt-plakette-des-stenografenbundes","status":"publish","type":"post","link":"https:\/\/www.stenografenbund.de\/?p=2316","title":{"rendered":"Hannelore Schindelasch erh\u00e4lt Plakette des Stenografenbundes"},"content":{"rendered":"<p>Im Rahmen des Bundespokalschreibens in Wardenburg, das sie intensiv mit vorbereitet hatte, erhielt <strong>Hannelore Schindelasch<\/strong> die h\u00f6chste Auszeichnung des Stenografenbundes, die Plakette in Gold. Geehrt wurde sie f\u00fcr Ihren lebenslangen, erfolgreichen Einsatz f\u00fcr den Stenografenbund und seine Untergliederungen. 10 Jahre war sie Pr\u00e4sidentin des Bundes, \u00fcber 20 Jahre Vorsitzende des Oldenburger Stenografenvereins AWESTO und Vorsitzende des Nordwestdeutschen Verbandes. Immer noch gestaltet Sie die Arbeit des Stenografenbundes durch Artiikel in der Stenografenzeitung, ihre Beitr\u00e4ge zu aktuellen Themen und durch die Teilnahme an Versammlungen mit.<\/p>\n","protected":false},"excerpt":{"rendered":"<p>Im Rahmen des Bundespokalschreibens in Wardenburg, das sie intensiv mit vorbereitet hatte, erhielt Hannelore Schindelasch die h\u00f6chste Auszeichnung des Stenografenbundes, die Plakette in Gold. Geehrt wurde sie f\u00fcr Ihren lebenslangen, erfolgreichen Einsatz f\u00fcr den Stenografenbund<\/p>\n","protected":false},"author":1,"featured_media":2250,"comment_status":"closed","ping_status":"closed","sticky":false,"template":"","format":"standard","meta":{"ngg_post_thumbnail":0,"footnotes":""},"categories":[60,61,9],"tags":[],"class_list":["post-2316","post","type-post","status-publish","format-standard","has-post-thumbnail","hentry","category-bps","category-ehrungen","category-vorstand"],"yoast_head":"<!-- This site is optimized with the Yoast SEO plugin v27.2 - https:\/\/yoast.com\/product\/yoast-seo-wordpress\/ -->\n<title>Hannelore Schindelasch erh\u00e4lt Plakette des Stenografenbundes - Deutscher Stenografenbund E. V.<\/title>\n<meta name=\"robots\" content=\"index, follow, max-snippet:-1, max-image-preview:large, max-video-preview:-1\" \/>\n<link rel=\"canonical\" href=\"https:\/\/www.stenografenbund.de\/?p=2316\" \/>\n<meta property=\"og:locale\" content=\"de_DE\" \/>\n<meta property=\"og:type\" content=\"article\" \/>\n<meta property=\"og:title\" content=\"Hannelore Schindelasch erh\u00e4lt Plakette des Stenografenbundes - Deutscher Stenografenbund E. V.\" \/>\n<meta property=\"og:description\" content=\"Im Rahmen des Bundespokalschreibens in Wardenburg, das sie intensiv mit vorbereitet hatte, erhielt Hannelore Schindelasch die h\u00f6chste Auszeichnung des Stenografenbundes, die Plakette in Gold. Geehrt wurde sie f\u00fcr Ihren lebenslangen, erfolgreichen Einsatz f\u00fcr den Stenografenbund\" \/>\n<meta property=\"og:url\" content=\"https:\/\/www.stenografenbund.de\/?p=2316\" \/>\n<meta property=\"og:site_name\" content=\"Deutscher Stenografenbund E. V.\" \/>\n<meta property=\"article:published_time\" content=\"2019-11-14T08:43:01+00:00\" \/>\n<meta property=\"article:modified_time\" content=\"2019-11-14T08:44:49+00:00\" \/>\n<meta property=\"og:image\" content=\"https:\/\/www.stenografenbund.de\/wp-content\/uploads\/2019\/11\/2019_BPS_15.jpg\" \/>\n\t<meta property=\"og:image:width\" content=\"1280\" \/>\n\t<meta property=\"og:image:height\" content=\"853\" \/>\n\t<meta property=\"og:image:type\" content=\"image\/jpeg\" \/>\n<meta name=\"author\" content=\"bb\" \/>\n<meta name=\"twitter:card\" content=\"summary_large_image\" \/>\n<meta name=\"twitter:label1\" content=\"Verfasst von\" \/>\n\t<meta name=\"twitter:data1\" content=\"bb\" \/>\n<script type=\"application\/ld+json\" class=\"yoast-schema-graph\">{\"@context\":\"https:\/\/schema.org\",\"@graph\":[{\"@type\":\"Article\",\"@id\":\"https:\/\/www.stenografenbund.de\/?p=2316#article\",\"isPartOf\":{\"@id\":\"https:\/\/www.stenografenbund.de\/?p=2316\"},\"author\":{\"name\":\"bb\",\"@id\":\"https:\/\/www.stenografenbund.de\/#\/schema\/person\/4b5939b77c884edd85b3701778e03eb9\"},\"headline\":\"Hannelore Schindelasch erh\u00e4lt Plakette des Stenografenbundes\",\"datePublished\":\"2019-11-14T08:43:01+00:00\",\"dateModified\":\"2019-11-14T08:44:49+00:00\",\"mainEntityOfPage\":{\"@id\":\"https:\/\/www.stenografenbund.de\/?p=2316\"},\"wordCount\":93,\"publisher\":{\"@id\":\"https:\/\/www.stenografenbund.de\/#organization\"},\"image\":{\"@id\":\"https:\/\/www.stenografenbund.de\/?p=2316#primaryimage\"},\"thumbnailUrl\":\"https:\/\/www.stenografenbund.de\/wp-content\/uploads\/2019\/11\/2019_BPS_15.jpg\",\"articleSection\":[\"BPS\",\"Ehrungen\",\"Vorstand\"],\"inLanguage\":\"de\"},{\"@type\":\"WebPage\",\"@id\":\"https:\/\/www.stenografenbund.de\/?p=2316\",\"url\":\"https:\/\/www.stenografenbund.de\/?p=2316\",\"name\":\"Hannelore Schindelasch erh\u00e4lt Plakette des Stenografenbundes - Deutscher Stenografenbund E. V.\",\"isPartOf\":{\"@id\":\"https:\/\/www.stenografenbund.de\/#website\"},\"primaryImageOfPage\":{\"@id\":\"https:\/\/www.stenografenbund.de\/?p=2316#primaryimage\"},\"image\":{\"@id\":\"https:\/\/www.stenografenbund.de\/?p=2316#primaryimage\"},\"thumbnailUrl\":\"https:\/\/www.stenografenbund.de\/wp-content\/uploads\/2019\/11\/2019_BPS_15.jpg\",\"datePublished\":\"2019-11-14T08:43:01+00:00\",\"dateModified\":\"2019-11-14T08:44:49+00:00\",\"breadcrumb\":{\"@id\":\"https:\/\/www.stenografenbund.de\/?p=2316#breadcrumb\"},\"inLanguage\":\"de\",\"potentialAction\":[{\"@type\":\"ReadAction\",\"target\":[\"https:\/\/www.stenografenbund.de\/?p=2316\"]}]},{\"@type\":\"ImageObject\",\"inLanguage\":\"de\",\"@id\":\"https:\/\/www.stenografenbund.de\/?p=2316#primaryimage\",\"url\":\"https:\/\/www.stenografenbund.de\/wp-content\/uploads\/2019\/11\/2019_BPS_15.jpg\",\"contentUrl\":\"https:\/\/www.stenografenbund.de\/wp-content\/uploads\/2019\/11\/2019_BPS_15.jpg\",\"width\":1280,\"height\":853,\"caption\":\"Pr\u00e4sidentin Hofmann und Vizepr\u00e4sident Karbowski \u00fcberreichen Plakette und Urkunde an Hannelore Schindelasch\"},{\"@type\":\"BreadcrumbList\",\"@id\":\"https:\/\/www.stenografenbund.de\/?p=2316#breadcrumb\",\"itemListElement\":[{\"@type\":\"ListItem\",\"position\":1,\"name\":\"Startseite\",\"item\":\"https:\/\/www.stenografenbund.de\/\"},{\"@type\":\"ListItem\",\"position\":2,\"name\":\"Hannelore Schindelasch erh\u00e4lt Plakette des Stenografenbundes\"}]},{\"@type\":\"WebSite\",\"@id\":\"https:\/\/www.stenografenbund.de\/#website\",\"url\":\"https:\/\/www.stenografenbund.de\/\",\"name\":\"Deutscher Stenografenbund E. V.\",\"description\":\"Bundesverband f\u00fcr Informationsverarbeitung, Textverarbeitung und Stenografie\",\"publisher\":{\"@id\":\"https:\/\/www.stenografenbund.de\/#organization\"},\"potentialAction\":[{\"@type\":\"SearchAction\",\"target\":{\"@type\":\"EntryPoint\",\"urlTemplate\":\"https:\/\/www.stenografenbund.de\/?s={search_term_string}\"},\"query-input\":{\"@type\":\"PropertyValueSpecification\",\"valueRequired\":true,\"valueName\":\"search_term_string\"}}],\"inLanguage\":\"de\"},{\"@type\":\"Organization\",\"@id\":\"https:\/\/www.stenografenbund.de\/#organization\",\"name\":\"Deutscher Stenografenbund E. V.\",\"url\":\"https:\/\/www.stenografenbund.de\/\",\"logo\":{\"@type\":\"ImageObject\",\"inLanguage\":\"de\",\"@id\":\"https:\/\/www.stenografenbund.de\/#\/schema\/logo\/image\/\",\"url\":\"https:\/\/www.stenografenbund.de\/wp-content\/uploads\/2019\/02\/cropped-DStB_Logo_NEU_2.png\",\"contentUrl\":\"https:\/\/www.stenografenbund.de\/wp-content\/uploads\/2019\/02\/cropped-DStB_Logo_NEU_2.png\",\"width\":499,\"height\":91,\"caption\":\"Deutscher Stenografenbund E. V.\"},\"image\":{\"@id\":\"https:\/\/www.stenografenbund.de\/#\/schema\/logo\/image\/\"}},{\"@type\":\"Person\",\"@id\":\"https:\/\/www.stenografenbund.de\/#\/schema\/person\/4b5939b77c884edd85b3701778e03eb9\",\"name\":\"bb\",\"image\":{\"@type\":\"ImageObject\",\"inLanguage\":\"de\",\"@id\":\"https:\/\/secure.gravatar.com\/avatar\/82220f05a55ca98e6b9d53294cc477df373e799447256ce720d977a6ebe1b6ae?s=96&d=mm&r=g\",\"url\":\"https:\/\/secure.gravatar.com\/avatar\/82220f05a55ca98e6b9d53294cc477df373e799447256ce720d977a6ebe1b6ae?s=96&d=mm&r=g\",\"contentUrl\":\"https:\/\/secure.gravatar.com\/avatar\/82220f05a55ca98e6b9d53294cc477df373e799447256ce720d977a6ebe1b6ae?s=96&d=mm&r=g\",\"caption\":\"bb\"},\"url\":\"https:\/\/www.stenografenbund.de\/?author=1\"}]}<\/script>\n<!-- \/ Yoast SEO plugin. -->","yoast_head_json":{"title":"Hannelore Schindelasch erh\u00e4lt Plakette des Stenografenbundes - Deutscher Stenografenbund E. V.","robots":{"index":"index","follow":"follow","max-snippet":"max-snippet:-1","max-image-preview":"max-image-preview:large","max-video-preview":"max-video-preview:-1"},"canonical":"https:\/\/www.stenografenbund.de\/?p=2316","og_locale":"de_DE","og_type":"article","og_title":"Hannelore Schindelasch erh\u00e4lt Plakette des Stenografenbundes - Deutscher Stenografenbund E. V.","og_description":"Im Rahmen des Bundespokalschreibens in Wardenburg, das sie intensiv mit vorbereitet hatte, erhielt Hannelore Schindelasch die h\u00f6chste Auszeichnung des Stenografenbundes, die Plakette in Gold. Geehrt wurde sie f\u00fcr Ihren lebenslangen, erfolgreichen Einsatz f\u00fcr den Stenografenbund","og_url":"https:\/\/www.stenografenbund.de\/?p=2316","og_site_name":"Deutscher Stenografenbund E. V.","article_published_time":"2019-11-14T08:43:01+00:00","article_modified_time":"2019-11-14T08:44:49+00:00","og_image":[{"width":1280,"height":853,"url":"https:\/\/www.stenografenbund.de\/wp-content\/uploads\/2019\/11\/2019_BPS_15.jpg","type":"image\/jpeg"}],"author":"bb","twitter_card":"summary_large_image","twitter_misc":{"Verfasst von":"bb"},"schema":{"@context":"https:\/\/schema.org","@graph":[{"@type":"Article","@id":"https:\/\/www.stenografenbund.de\/?p=2316#article","isPartOf":{"@id":"https:\/\/www.stenografenbund.de\/?p=2316"},"author":{"name":"bb","@id":"https:\/\/www.stenografenbund.de\/#\/schema\/person\/4b5939b77c884edd85b3701778e03eb9"},"headline":"Hannelore Schindelasch erh\u00e4lt Plakette des Stenografenbundes","datePublished":"2019-11-14T08:43:01+00:00","dateModified":"2019-11-14T08:44:49+00:00","mainEntityOfPage":{"@id":"https:\/\/www.stenografenbund.de\/?p=2316"},"wordCount":93,"publisher":{"@id":"https:\/\/www.stenografenbund.de\/#organization"},"image":{"@id":"https:\/\/www.stenografenbund.de\/?p=2316#primaryimage"},"thumbnailUrl":"https:\/\/www.stenografenbund.de\/wp-content\/uploads\/2019\/11\/2019_BPS_15.jpg","articleSection":["BPS","Ehrungen","Vorstand"],"inLanguage":"de"},{"@type":"WebPage","@id":"https:\/\/www.stenografenbund.de\/?p=2316","url":"https:\/\/www.stenografenbund.de\/?p=2316","name":"Hannelore Schindelasch erh\u00e4lt Plakette des Stenografenbundes - Deutscher Stenografenbund E. V.","isPartOf":{"@id":"https:\/\/www.stenografenbund.de\/#website"},"primaryImageOfPage":{"@id":"https:\/\/www.stenografenbund.de\/?p=2316#primaryimage"},"image":{"@id":"https:\/\/www.stenografenbund.de\/?p=2316#primaryimage"},"thumbnailUrl":"https:\/\/www.stenografenbund.de\/wp-content\/uploads\/2019\/11\/2019_BPS_15.jpg","datePublished":"2019-11-14T08:43:01+00:00","dateModified":"2019-11-14T08:44:49+00:00","breadcrumb":{"@id":"https:\/\/www.stenografenbund.de\/?p=2316#breadcrumb"},"inLanguage":"de","potentialAction":[{"@type":"ReadAction","target":["https:\/\/www.stenografenbund.de\/?p=2316"]}]},{"@type":"ImageObject","inLanguage":"de","@id":"https:\/\/www.stenografenbund.de\/?p=2316#primaryimage","url":"https:\/\/www.stenografenbund.de\/wp-content\/uploads\/2019\/11\/2019_BPS_15.jpg","contentUrl":"https:\/\/www.stenografenbund.de\/wp-content\/uploads\/2019\/11\/2019_BPS_15.jpg","width":1280,"height":853,"caption":"Pr\u00e4sidentin Hofmann und Vizepr\u00e4sident Karbowski \u00fcberreichen Plakette und Urkunde an Hannelore Schindelasch"},{"@type":"BreadcrumbList","@id":"https:\/\/www.stenografenbund.de\/?p=2316#breadcrumb","itemListElement":[{"@type":"ListItem","position":1,"name":"Startseite","item":"https:\/\/www.stenografenbund.de\/"},{"@type":"ListItem","position":2,"name":"Hannelore Schindelasch erh\u00e4lt Plakette des Stenografenbundes"}]},{"@type":"WebSite","@id":"https:\/\/www.stenografenbund.de\/#website","url":"https:\/\/www.stenografenbund.de\/","name":"Deutscher Stenografenbund E. V.","description":"Bundesverband f\u00fcr Informationsverarbeitung, Textverarbeitung und Stenografie","publisher":{"@id":"https:\/\/www.stenografenbund.de\/#organization"},"potentialAction":[{"@type":"SearchAction","target":{"@type":"EntryPoint","urlTemplate":"https:\/\/www.stenografenbund.de\/?s={search_term_string}"},"query-input":{"@type":"PropertyValueSpecification","valueRequired":true,"valueName":"search_term_string"}}],"inLanguage":"de"},{"@type":"Organization","@id":"https:\/\/www.stenografenbund.de\/#organization","name":"Deutscher Stenografenbund E. V.","url":"https:\/\/www.stenografenbund.de\/","logo":{"@type":"ImageObject","inLanguage":"de","@id":"https:\/\/www.stenografenbund.de\/#\/schema\/logo\/image\/","url":"https:\/\/www.stenografenbund.de\/wp-content\/uploads\/2019\/02\/cropped-DStB_Logo_NEU_2.png","contentUrl":"https:\/\/www.stenografenbund.de\/wp-content\/uploads\/2019\/02\/cropped-DStB_Logo_NEU_2.png","width":499,"height":91,"caption":"Deutscher Stenografenbund E. V."},"image":{"@id":"https:\/\/www.stenografenbund.de\/#\/schema\/logo\/image\/"}},{"@type":"Person","@id":"https:\/\/www.stenografenbund.de\/#\/schema\/person\/4b5939b77c884edd85b3701778e03eb9","name":"bb","image":{"@type":"ImageObject","inLanguage":"de","@id":"https:\/\/secure.gravatar.com\/avatar\/82220f05a55ca98e6b9d53294cc477df373e799447256ce720d977a6ebe1b6ae?s=96&d=mm&r=g","url":"https:\/\/secure.gravatar.com\/avatar\/82220f05a55ca98e6b9d53294cc477df373e799447256ce720d977a6ebe1b6ae?s=96&d=mm&r=g","contentUrl":"https:\/\/secure.gravatar.com\/avatar\/82220f05a55ca98e6b9d53294cc477df373e799447256ce720d977a6ebe1b6ae?s=96&d=mm&r=g","caption":"bb"},"url":"https:\/\/www.stenografenbund.de\/?author=1"}]}},"_links":{"self":[{"href":"https:\/\/www.stenografenbund.de\/index.php?rest_route=\/wp\/v2\/posts\/2316","targetHints":{"allow":["GET"]}}],"collection":[{"href":"https:\/\/www.stenografenbund.de\/index.php?rest_route=\/wp\/v2\/posts"}],"about":[{"href":"https:\/\/www.stenografenbund.de\/index.php?rest_route=\/wp\/v2\/types\/post"}],"author":[{"embeddable":true,"href":"https:\/\/www.stenografenbund.de\/index.php?rest_route=\/wp\/v2\/users\/1"}],"replies":[{"embeddable":true,"href":"https:\/\/www.stenografenbund.de\/index.php?rest_route=%2Fwp%2Fv2%2Fcomments&post=2316"}],"version-history":[{"count":3,"href":"https:\/\/www.stenografenbund.de\/index.php?rest_route=\/wp\/v2\/posts\/2316\/revisions"}],"predecessor-version":[{"id":2319,"href":"https:\/\/www.stenografenbund.de\/index.php?rest_route=\/wp\/v2\/posts\/2316\/revisions\/2319"}],"wp:featuredmedia":[{"embeddable":true,"href":"https:\/\/www.stenografenbund.de\/index.php?rest_route=\/wp\/v2\/media\/2250"}],"wp:attachment":[{"href":"https:\/\/www.stenografenbund.de\/index.php?rest_route=%2Fwp%2Fv2%2Fmedia&parent=2316"}],"wp:term":[{"taxonomy":"category","embeddable":true,"href":"https:\/\/www.stenografenbund.de\/index.php?rest_route=%2Fwp%2Fv2%2Fcategories&post=2316"},{"taxonomy":"post_tag","embeddable":true,"href":"https:\/\/www.stenografenbund.de\/index.php?rest_route=%2Fwp%2Fv2%2Ftags&post=2316"}],"curies":[{"name":"wp","href":"https:\/\/api.w.org\/{rel}","templated":true}]}}